{"id":844,"date":"2023-01-18T18:30:53","date_gmt":"2023-01-18T17:30:53","guid":{"rendered":"http:\/\/mlcpree.cluster029.hosting.ovh.net\/?p=844"},"modified":"2023-01-18T18:30:53","modified_gmt":"2023-01-18T17:30:53","slug":"se-presenter-avec-son-cv-dans-les-entreprises-le-bon-plan","status":"publish","type":"post","link":"https:\/\/latetedelemploi.be\/index.php\/2023\/01\/18\/se-presenter-avec-son-cv-dans-les-entreprises-le-bon-plan\/","title":{"rendered":"Se pr\u00e9senter avec son cv dans les entreprises : le bon plan ?"},"content":{"rendered":"\n<p>Se rendre sur place et rencontrer le responsable du personnel peut s\u2019av\u00e9rer tr\u00e8s efficace. Cela d\u00e9montre votre motivation puisque vous faites l\u2019effort de vous d\u00e9placer.<\/p>\n\n\n\n<p>Cette m\u00e9thode n\u2019est toutefois pas \u00e9vidente \u00e0 r\u00e9aliser. Voici quelques conseils&nbsp;:<\/p>\n\n\n\n<p><strong>La r\u00e8gle de base<\/strong><\/p>\n\n\n\n<p>Il faut&nbsp; toujours respecter la proc\u00e9dure indiqu\u00e9e par l\u2019employeur. Si vous r\u00e9pondez \u00e0 une annonce et que l\u2019employeur indique qu\u2019il faut envoyer son cv, pas question de se rendre sur place. Apporter son cv convient pour des candidatures spontan\u00e9es ou lorsque l\u2019employeur a plac\u00e9 une affiche.<\/p>\n\n\n\n<p><strong>Bien cibler les entreprises<\/strong><\/p>\n\n\n\n<p>Cette d\u00e9marche est adapt\u00e9e \u00e0 une PME. Dans les grandes entreprises, les proc\u00e9dures de recrutement sont souvent codifi\u00e9es. Vous parviendrez difficilement \u00e0 rencontrer sans rendez-vous le patron ou le directeur des ressources humaines.<\/p>\n\n\n\n<p>Certains secteurs d\u2019activit\u00e9s sont particuli\u00e8rement indiqu\u00e9s&nbsp;: la vente (grandes surfaces ou boutiques), l\u2019HORECA ainsi que les salons de coiffure par exemple.<\/p>\n\n\n\n<p><strong>Remettre le cv \u00e0 la bonne personne<\/strong><\/p>\n\n\n\n<p>Ce serait dommage de vous \u00eatre d\u00e9plac\u00e9 pour rien. Il faut donc \u00e9viter de donner votre cv au premier interlocuteur venu au risque qu\u2019il ne le transmette jamais \u00e0 la personne qui d\u00e9cide des engagements.<\/p>\n\n\n\n<p>Demandez donc \u00e0 rencontrer le directeur du magasin&nbsp;:<\/p>\n\n\n\n<p><em>\u00ab&nbsp;Bonjour Madame, je souhaiterais parler au directeur. Pourriez-vous me dire o\u00f9 je peux le rencontrer&nbsp;? Merci beaucoup.&nbsp;\u00bb<\/em><\/p>\n\n\n\n<p>Lors de votre rencontre avec la directrice\/ le directeur:<\/p>\n\n\n\n<p><em>\u00ab&nbsp;Bonjour Madame\/Monsieur. Je suis Daniel Martin. Je recherche actuellement un poste de vendeur-r\u00e9assortisseur. Voici mon cv. Je suis disponible quand vous le souhaitez pour vous rencontrer.&nbsp;\u00bb<\/em><\/p>\n\n\n\n<p><em>\u00ab&nbsp;Recrutez-vous prochainement&nbsp;? Etes-vous au courant d\u2019opportunit\u00e9s dans d\u2019autres magasins&nbsp;?&nbsp;\u00bb<\/em><\/p>\n\n\n\n<p><em>\u00ab&nbsp;Merci de m\u2019avoir consacr\u00e9 du temps. N\u2019h\u00e9sitez vraiment pas \u00e0 me recontacter au besoin.&nbsp;\u00bb<\/em><\/p>\n\n\n\n<p><strong>Eviter toute improvisation<\/strong><\/p>\n\n\n\n<p>Vous devez faire bonne impression et vous disposerez de peu de temps. Il est donc important que vous ayez pr\u00e9par\u00e9 votre discours.<\/p>\n\n\n\n<p>On peut consid\u00e9rer la d\u00e9marche d\u2019apporter son cv en personne comme un pr\u00e9-entretien d\u2019embauche. Si vous n\u2019\u00eates pas convaincant(e), le recruteur ne conservera pas votre candidature.<\/p>\n\n\n\n<p>Vous devez donc imp\u00e9rativement soigner votre pr\u00e9sentation vestimentaire.<\/p>\n\n\n\n<p><strong>Choisir le bon moment<\/strong><\/p>\n\n\n\n<p>Soyez strat\u00e9gique. Ne vous pr\u00e9sentez pas durant le temps de midi ou durant les heures d\u2019affluences (samedi apr\u00e8s-midi, soldes, f\u00eates de fin d\u2019ann\u00e9e\u2026) sinon le responsable n\u2019aura pas de temps \u00e0 vous consacrer.<\/p>\n\n\n\n<p><strong>Ne jamais se pr\u00e9senter accompagn\u00e9<\/strong><\/p>\n\n\n\n<p>Postuler est une d\u00e9marche individuelle. Vous ne devez pas \u00eatre accompagn\u00e9 lors d\u2019une candidature au risque de passer pour quelqu\u2019un de peu autonome.<\/p>\n\n\n\n<p><strong>Rester toujours poli et positif<\/strong><\/p>\n\n\n\n<p>L\u2019un des principaux inconv\u00e9nients de ce type de d\u00e9marche est que vous risquez de ne pas pouvoir rencontrer le bon interlocuteur. Le directeur du magasin\/entreprise ne sera peut-\u00eatre pas pr\u00e9sent ou sera occup\u00e9. Vous devrez peut-\u00eatre laisser votre cv \u00e0 un autre membre du personnel. Le mieux est de demander \u00e0 quel moment vous auriez plus de chance de pouvoir lui parler.<\/p>\n","protected":false},"excerpt":{"rendered":"<p>Se rendre sur place et rencontrer le responsable du personnel peut s\u2019av\u00e9rer tr\u00e8s efficace. Cela d\u00e9montre votre motivation puisque vous faites l\u2019effort de vous d\u00e9placer. Cette m\u00e9thode n\u2019est toutefois pas \u00e9vidente \u00e0 r\u00e9aliser. Voici quelques conseils&nbsp;: La r\u00e8gle de base Il faut&nbsp; toujours respecter la proc\u00e9dure indiqu\u00e9e par l\u2019employeur. Si vous r\u00e9pondez \u00e0 une annonce [&hellip;]<\/p>\n","protected":false},"author":2,"featured_media":612,"comment_status":"closed","ping_status":"closed","sticky":false,"template":"","format":"standard","meta":{"footnotes":""},"categories":[1],"tags":[],"class_list":["post-844","post","type-post","status-publish","format-standard","has-post-thumbnail","hentry","category-non-classe"],"_links":{"self":[{"href":"https:\/\/latetedelemploi.be\/index.php\/wp-json\/wp\/v2\/posts\/844","targetHints":{"allow":["GET"]}}],"collection":[{"href":"https:\/\/latetedelemploi.be\/index.php\/wp-json\/wp\/v2\/posts"}],"about":[{"href":"https:\/\/latetedelemploi.be\/index.php\/wp-json\/wp\/v2\/types\/post"}],"author":[{"embeddable":true,"href":"https:\/\/latetedelemploi.be\/index.php\/wp-json\/wp\/v2\/users\/2"}],"replies":[{"embeddable":true,"href":"https:\/\/latetedelemploi.be\/index.php\/wp-json\/wp\/v2\/comments?post=844"}],"version-history":[{"count":1,"href":"https:\/\/latetedelemploi.be\/index.php\/wp-json\/wp\/v2\/posts\/844\/revisions"}],"predecessor-version":[{"id":845,"href":"https:\/\/latetedelemploi.be\/index.php\/wp-json\/wp\/v2\/posts\/844\/revisions\/845"}],"wp:featuredmedia":[{"embeddable":true,"href":"https:\/\/latetedelemploi.be\/index.php\/wp-json\/wp\/v2\/media\/612"}],"wp:attachment":[{"href":"https:\/\/latetedelemploi.be\/index.php\/wp-json\/wp\/v2\/media?parent=844"}],"wp:term":[{"taxonomy":"category","embeddable":true,"href":"https:\/\/latetedelemploi.be\/index.php\/wp-json\/wp\/v2\/categories?post=844"},{"taxonomy":"post_tag","embeddable":true,"href":"https:\/\/latetedelemploi.be\/index.php\/wp-json\/wp\/v2\/tags?post=844"}],"curies":[{"name":"wp","href":"https:\/\/api.w.org\/{rel}","templated":true}]}}