{"id":822,"date":"2023-01-18T18:18:52","date_gmt":"2023-01-18T17:18:52","guid":{"rendered":"http:\/\/mlcpree.cluster029.hosting.ovh.net\/?p=822"},"modified":"2023-01-18T18:18:52","modified_gmt":"2023-01-18T17:18:52","slug":"equivalences-des-diplomes","status":"publish","type":"post","link":"https:\/\/latetedelemploi.be\/index.php\/2023\/01\/18\/equivalences-des-diplomes\/","title":{"rendered":"Equivalences des dipl\u00f4mes"},"content":{"rendered":"\n<p><strong><a href=\"https:\/\/latetedelemploi.be\/fr\/blog\/equivalences-des-diplomes\/#termine-etudes\">1. J\u2019ai termin\u00e9 mes \u00e9tudes secondaires dans un pays \u00e9tranger<\/a><\/strong><\/p>\n\n\n\n<p>Je souhaite continuer des \u00e9tudes sup\u00e9rieures en Belgique<\/p>\n\n\n\n<p>Je souhaite acc\u00e9der \u00e0 un emploi ou \u00e0 une formation<\/p>\n\n\n\n<p><strong><a href=\"https:\/\/latetedelemploi.be\/fr\/blog\/equivalences-des-diplomes\/#pas-termine\">2. Je n\u2019ai pas termin\u00e9 mes \u00e9tudes secondaires<\/a><\/strong><\/p>\n\n\n\n<p>Je souhaite continuer des \u00e9tudes sup\u00e9rieures en Belgique<\/p>\n\n\n\n<p>Je souhaite acc\u00e9der \u00e0 un emploi ou \u00e0 une formation<\/p>\n\n\n\n<p><strong><a href=\"https:\/\/latetedelemploi.be\/fr\/blog\/equivalences-des-diplomes\/#enseignement-sup\">3. J\u2019ai obtenu un dipl\u00f4me de l\u2019enseignement sup\u00e9rieur \u00e0 l\u2019\u00e9tranger<\/a><\/strong><\/p>\n\n\n\n<p><strong><a href=\"https:\/\/latetedelemploi.be\/fr\/blog\/equivalences-des-diplomes\/#enseignement-para\">4. J\u2019ai obtenu un dipl\u00f4me de l\u2019enseignement param\u00e9dical \u00e0 l\u2019\u00e9tranger<\/a><\/strong><\/p>\n\n\n\n<p>Mon dipl\u00f4me a \u00e9t\u00e9 d\u00e9livr\u00e9 par un pays membre de l\u2019Union Europ\u00e9enne<\/p>\n\n\n\n<p>Mon dipl\u00f4me n\u2019a pas \u00e9t\u00e9 d\u00e9livr\u00e9 par un pays membre de l\u2019Union Europ\u00e9enne<\/p>\n\n\n\n<p><strong><a href=\"https:\/\/latetedelemploi.be\/fr\/blog\/equivalences-des-diplomes\/#validation-competences\">5. La validation des comp\u00e9tences<\/a><\/strong><\/p>\n\n\n\n<p><strong>Introduction<\/strong><\/p>\n\n\n\n<p>En Belgique, \u00e0 l\u2019image de bon nombre de pays europ\u00e9ens, le dipl\u00f4me rev\u00eat une grande importance, parfois m\u00eame sup\u00e9rieure aux comp\u00e9tences de la personne.<\/p>\n\n\n\n<p><strong>C\u2019est quoi une \u00e9quivalence&nbsp;?<\/strong>&nbsp; Une \u00e9quivalence est un document qui d\u00e9termine la valeur des \u00e9tudes suivies \u00e0 l\u2019\u00e9tranger.<\/p>\n\n\n\n<p><em>L\u2019\u00e9quivalence est n\u00e9cessaire<\/em>&nbsp;lorsque vous avez \u00e9tudi\u00e9 \u00e0 l\u2019\u00e9tranger et que vous souhaitez reprendre des \u00e9tudes (secondaires ou sup\u00e9rieures), reprendre une formation professionnelle (si le dipl\u00f4me est requis), travailler ou vous installer comme ind\u00e9pendant.<\/p>\n\n\n\n<p><em>L\u2019\u00e9quivalence n\u2019est en revanche pas n\u00e9cessaire<\/em>, si&nbsp; vous poss\u00e9dez un baccalaur\u00e9at d\u00e9livr\u00e9 par l\u2019\u00c9cole Europ\u00e9enne, un baccalaur\u00e9at d\u00e9livr\u00e9 par l\u2019Office international du Baccalaur\u00e9at, un baccalaur\u00e9at d\u00e9livr\u00e9 par l\u2019\u00e9cole internationale du SHAPE ou un dipl\u00f4me d\u00e9livr\u00e9 par une \u00e9cole \u00e0 programme belge \u00e0 l\u2019\u00e9tranger.<\/p>\n\n\n\n<p><em>Attention, certains dipl\u00f4mes ne d\u00e9bouchent pas sur une \u00e9quivalence<\/em>. C\u2019est le cas si votre dipl\u00f4me n\u2019est pas d\u00e9livr\u00e9 par le minist\u00e8re de l\u2019\u00e9ducation du pays o\u00f9 ont \u00e9t\u00e9 suivies les \u00e9tudes, si le dipl\u00f4me est d\u00e9livr\u00e9 par une \u00e9cole priv\u00e9e ou si la formation a \u00e9t\u00e9 tr\u00e8s orient\u00e9e sur la pratique professionnelle.<\/p>\n\n\n\n<p><strong>D\u00e9marches \u00e0 r\u00e9aliser pour obtenir votre \u00e9quivalence<\/strong>&nbsp;:<\/p>\n\n\n\n<p>Vous devez contacter le service des \u00e9quivalences&nbsp;:&nbsp;<a href=\"http:\/\/www.equivalences.cfwb.be\/\" target=\"_blank\" rel=\"noreferrer noopener\">http:\/\/www.equivalences.cfwb.be\/<\/a><\/p>\n\n\n\n<p>\u2013 Si vous souhaitez obtenir un rendez-vous par t\u00e9l\u00e9phone, vous pouvez contacter le service des \u00e9quivalences, situ\u00e9 rue Courtois, 4 \u00e0 Bruxelles au 02\/690 86 86 (tous les jours ouvrables entre 10 et 12h et entre 14 et 16h).<\/p>\n\n\n\n<p>\u2013 Si vous souhaitez contacter le service par courrier&nbsp;: D.G.E.O. Service des \u00e9quivalences, rue A. Lavall\u00e9e, 1 \u2013 1080 Bruxelles<\/p>\n\n\n\n<p><strong><a><\/a>1.<\/strong>&nbsp;<strong>J\u2019ai termin\u00e9 mes \u00e9tudes secondaires dans un pays \u00e9tranger<\/strong><\/p>\n\n\n\n<p><strong>Je souhaite continuer des \u00e9tudes sup\u00e9rieures en Belgique<\/strong><\/p>\n\n\n\n<p>Les documents demand\u00e9s pour la reconnaissance sont&nbsp;: le dipl\u00f4me de fin d\u2019\u00e9tudes secondaires et le relev\u00e9 de notes l\u2019accompagnant, un extrait d\u2019acte de naissance original, une lettre de motivation ou le formulaire de motivation (figurant sur le site Internet) et la preuve originale de l\u2019ex\u00e9cution du paiement des frais administratifs (environ 125 \u20ac).&nbsp;&nbsp; Les documents sont \u00e0 transmettre par courrier recommand\u00e9 ou en les d\u00e9posant au service des \u00e9quivalences dans un d\u00e9lai pr\u00e9\u00e9tabli.<\/p>\n\n\n\n<p><strong>Je souhaite acc\u00e9der \u00e0 un emploi ou \u00e0 une formation<\/strong><\/p>\n\n\n\n<p>L\u2019introduction du dossier peut se faire \u00e0 tout moment de l\u2019ann\u00e9e.<\/p>\n\n\n\n<p>Les documents demand\u00e9s sont&nbsp;: le dipl\u00f4me de fin d\u2019\u00e9tudes secondaire et le relev\u00e9 de notes l\u2019accompagnant, un extrait d\u2019acte de naissance original, une lettre de motivation ou le formulaire de motivation (figurant sur le site Internet), la preuve originale de l\u2019ex\u00e9cution du paiement des frais administratifs (environ 125 \u20ac) et un document prouvant que la demande a pour but la recherche d\u2019un emploi (preuve d\u2019inscription au Forem, attestation d\u2019un guichet d\u2019entreprise) ou d\u2019une formation professionnelle (inscription au Forem, promotion sociale, etc).&nbsp;&nbsp; Les documents sont \u00e0 transmettre par courrier recommand\u00e9 ou en les d\u00e9posant au service des \u00e9quivalences.<\/p>\n\n\n\n<p>Informations compl\u00e9mentaires&nbsp;:&nbsp;<a href=\"http:\/\/www.equivalences.cfwb.be\/index.php?id=551\" target=\"_blank\" rel=\"noreferrer noopener\">http:\/\/www.equivalences.cfwb.be\/index.php?id=551<\/a><\/p>\n\n\n\n<p><strong><a><\/a>2<\/strong>.&nbsp;<strong>Je n\u2019ai pas termin\u00e9 mes \u00e9tudes secondaires<\/strong><\/p>\n\n\n\n<p><strong>Je souhaite terminer ma scolarit\u00e9 en Belgique<\/strong><\/p>\n\n\n\n<p>La demande d\u2019\u00e9quivalence peut \u00eatre introduite \u00e0 n\u2019importe quel moment de l\u2019ann\u00e9e.&nbsp;<strong>L\u2019\u00e9cole secondaire se chargera d\u2019introduire la demande d\u2019\u00e9quivalence&nbsp;<\/strong>en la transmettant directement au service des \u00e9quivalences.<\/p>\n\n\n\n<p>Toutefois, il est conseill\u00e9 d\u2019introduire le dossier complet dans le mois qui suit l\u2019inscription dans un \u00e9tablissement scolaire.<\/p>\n\n\n\n<p>Les documents demand\u00e9s sont&nbsp;: un formulaire qui doit \u00eatre enti\u00e8rement compl\u00e9t\u00e9 par l\u2019\u00e9tablissement scolaire et qui doit mentionner imp\u00e9rativement la date d\u2019arriv\u00e9e de l\u2019\u00e9l\u00e8ve dans l\u2019\u00e9tablissement ainsi que l\u2019ann\u00e9e d\u2019\u00e9tude dans laquelle il est envisag\u00e9 d\u2019inscrire l\u2019\u00e9l\u00e8ve.&nbsp; Les bulletins des 3 derni\u00e8res ann\u00e9es scolaires en copies certifi\u00e9es conformes, un extrait d\u2019acte de naissance et la preuve originale de l\u2019ex\u00e9cution du paiement des frais administratifs.<\/p>\n\n\n\n<p><strong>Je souhaite acc\u00e9der \u00e0 un emploi ou \u00e0 une formation<\/strong><\/p>\n\n\n\n<p>La demande d\u2019\u00e9quivalence peut \u00eatre introduite \u00e0 n\u2019importe quel moment de l\u2019ann\u00e9e pour autant qu\u2019elle ne concerne pas la fin du cycle secondaire.<\/p>\n\n\n\n<p>Les documents demand\u00e9s sont&nbsp;:&nbsp; les bulletins des 3 derni\u00e8res ann\u00e9es scolaires en copies certifi\u00e9es conformes, un extrait d\u2019acte de naissance original,&nbsp; une lettre de motivation ou le formulaire de motivation (figurant sur le site Internet), &nbsp;un document prouvant que la demande a pour but la recherche d\u2019un emploi (preuve d\u2019inscription au Forem, attestation d\u2019un guichet d\u2019entreprise) ou d\u2019une formation professionnelle (inscription au Forem, promotion sociale, etc), et la preuve originale de l\u2019ex\u00e9cution du paiement des frais administratifs. &nbsp;&nbsp;Les documents sont \u00e0 transmettre par courrier recommand\u00e9 ou en les d\u00e9posant au service des \u00e9quivalences.<\/p>\n\n\n\n<p>Informations compl\u00e9mentaires&nbsp;:&nbsp;<a href=\"http:\/\/www.equivalences.cfwb.be\/index.php?id=761\" target=\"_blank\" rel=\"noreferrer noopener\">http:\/\/www.equivalences.cfwb.be\/index.php?id=761<\/a><\/p>\n\n\n\n<p><strong><a><\/a>3.<\/strong>&nbsp;<strong>J\u2019ai obtenu un dipl\u00f4me de l\u2019enseignement sup\u00e9rieur \u00e0 l\u2019\u00e9tranger<\/strong><\/p>\n\n\n\n<p>Il est possible d\u2019obtenir des renseignements aupr\u00e8s du service des \u00e9quivalences des dipl\u00f4mes de l\u2019enseignement sup\u00e9rieur.<\/p>\n\n\n\n<p>On peut obtenir des informations directement sur place et sans rendez-vous, le lundi et le jeudi de 13h30 \u00e0 16h00 en se rendant \u00e0 l\u2019adresse suivante&nbsp;:&nbsp;<strong>Rue A. Lavall\u00e9e n\u00b01 \u00e0 1080 Bruxelles.<\/strong><\/p>\n\n\n\n<p>Ou bien<\/p>\n\n\n\n<p>\u2013&nbsp;&nbsp;&nbsp;&nbsp;&nbsp;&nbsp;&nbsp; par courrier en envoyant votre demande \u00e0 l\u2019adresse suivante&nbsp;:Minist\u00e8re de la communaut\u00e9 fran\u00e7aiseDGENORSCellule des \u00e9quivalences de dipl\u00f4me de l\u2019enseignement sup\u00e9rieur et universitaire, 5<sup>\u00e8me<\/sup>&nbsp;\u00e9tage.Rue A. LAVALLEE, 11080 Bruxelles\u2013 par t\u00e9l\u00e9phone&nbsp;: mardi, mercredi et vendredi de 13h30 \u00e0 16h00 au 02\/690 89 00\u2013 par Fax&nbsp;: 02\/690 88 90\u2013 par mail&nbsp;:&nbsp;<a href=\"mailto:equi.sup@cfwb.be\">equi.sup@cfwb.be<\/a><\/p>\n\n\n\n<p><strong><a><\/a>4.<\/strong><strong>&nbsp;J\u2019ai obtenu un dipl\u00f4me de l\u2019enseignement param\u00e9dical \u00e0 l\u2019\u00e9tranger<\/strong><\/p>\n\n\n\n<p><strong>Mon dipl\u00f4me a \u00e9t\u00e9 d\u00e9livr\u00e9 par un pays membre de l\u2019Union Europ\u00e9enne &nbsp;<\/strong><\/p>\n\n\n\n<p>\u2013 Dipl\u00f4me infirmier obtenu en Bulgarie, Roumanie ou en Pologne&nbsp;<a href=\"http:\/\/www.equivalences.cfwb.be\/index.php?id=1496\" target=\"_blank\" rel=\"noreferrer noopener\">http:\/\/www.equivalences.cfwb.be\/index.php?id=1496<\/a><\/p>\n\n\n\n<p>\u2013 Dipl\u00f4me infirmier obtenu dans un autre pays de l\u2019Union Europ\u00e9enne&nbsp;:&nbsp;<a href=\"http:\/\/www.equivalences.cfwb.be\/index.php?id=1497\" target=\"_blank\" rel=\"noreferrer noopener\">http:\/\/www.equivalences.cfwb.be\/index.php?id=1497<\/a><\/p>\n\n\n\n<p><strong>Mon dipl\u00f4me n\u2019a pas \u00e9t\u00e9 d\u00e9livr\u00e9 par un pays membre de l\u2019Union Europ\u00e9enne<\/strong><\/p>\n\n\n\n<p>\u2013 Dipl\u00f4me infirmier obtenu en Chine, au Congo, au Maroc, en Guin\u00e9e, au S\u00e9n\u00e9gal ou au Rwanda&nbsp;:<\/p>\n\n\n\n<p><a href=\"http:\/\/www.equivalences.cfwb.be\/index.php?id=1500\" target=\"_blank\" rel=\"noreferrer noopener\">http:\/\/www.equivalences.cfwb.be\/index.php?id=1500<\/a><\/p>\n\n\n\n<p>\u2013 Dipl\u00f4me infirmier obtenu dans un autre pays&nbsp;:&nbsp;<a href=\"http:\/\/www.equivalences.cfwb.be\/index.php?id=1498\" target=\"_blank\" rel=\"noreferrer noopener\">http:\/\/www.equivalences.cfwb.be\/index.php?id=1498<\/a><\/p>\n\n\n\n<p><strong><a><\/a>&nbsp;5.&nbsp;La validation des comp\u00e9tences<\/strong><\/p>\n\n\n\n<p>Obtenir une \u00e9quivalence de dipl\u00f4me est certes important mais ce n\u2019est pas le seul moyen qui vous permette de valoriser vos connaissances et vos comp\u00e9tences.<\/p>\n\n\n\n<p>En effet, il est \u00e9galement possible de faire reconna\u00eetre gratuitement ses comp\u00e9tences d\u2019une mani\u00e8re officielle. On vous fera ainsi passer des tests de comp\u00e9tences.<\/p>\n\n\n\n<p>Ce titre de \u00ab&nbsp;comp\u00e9tence&nbsp;\u00bb obtenu apr\u00e8s la r\u00e9ussite du test vous permettra de&nbsp;:<\/p>\n\n\n\n<p>\u2013 Trouver du travail plus facilement<\/p>\n\n\n\n<p>\u2013 Disposer d\u2019un document officiel prouvant votre capacit\u00e9 \u00e0 exercer le m\u00e9tier<\/p>\n\n\n\n<p>\u2013 All\u00e9ger votre parcours de formation en obtenant des dispenses<\/p>\n\n\n\n<p>Informations compl\u00e9mentaires&nbsp;:<\/p>\n\n\n\n<figure class=\"wp-block-embed\"><div class=\"wp-block-embed__wrapper\">\nhttps:\/\/www.leforem.be\/particuliers\/valider-mes-competences.html\n<\/div><\/figure>\n\n\n\n<p>Sources&nbsp;<\/p>\n\n\n\n<p>\u2013 Site Internet du service des \u00e9quivalences&nbsp;de la F\u00e9d\u00e9ration Wallonie-Bruxelles:&nbsp;<a href=\"http:\/\/www.equivalences.cfwb.be\/\" target=\"_blank\" rel=\"noreferrer noopener\">http:\/\/www.equivalences.cfwb.be<\/a>\/ (consult\u00e9 en d\u00e9cembre 2012 et en janvier 2013)<\/p>\n\n\n\n<p>\u2013 Brochure \u00ab&nbsp;Bienvenue en Belgique&nbsp;\u00bb, Promotion et Culture, Editions 2012.<\/p>\n","protected":false},"excerpt":{"rendered":"<p>1. J\u2019ai termin\u00e9 mes \u00e9tudes secondaires dans un pays \u00e9tranger Je souhaite continuer des \u00e9tudes sup\u00e9rieures en Belgique Je souhaite acc\u00e9der \u00e0 un emploi ou \u00e0 une formation 2. Je n\u2019ai pas termin\u00e9 mes \u00e9tudes secondaires Je souhaite continuer des \u00e9tudes sup\u00e9rieures en Belgique Je souhaite acc\u00e9der \u00e0 un emploi ou \u00e0 une formation 3. [&hellip;]<\/p>\n","protected":false},"author":2,"featured_media":585,"comment_status":"closed","ping_status":"closed","sticky":false,"template":"","format":"standard","meta":{"footnotes":""},"categories":[1],"tags":[],"class_list":["post-822","post","type-post","status-publish","format-standard","has-post-thumbnail","hentry","category-non-classe"],"_links":{"self":[{"href":"https:\/\/latetedelemploi.be\/index.php\/wp-json\/wp\/v2\/posts\/822","targetHints":{"allow":["GET"]}}],"collection":[{"href":"https:\/\/latetedelemploi.be\/index.php\/wp-json\/wp\/v2\/posts"}],"about":[{"href":"https:\/\/latetedelemploi.be\/index.php\/wp-json\/wp\/v2\/types\/post"}],"author":[{"embeddable":true,"href":"https:\/\/latetedelemploi.be\/index.php\/wp-json\/wp\/v2\/users\/2"}],"replies":[{"embeddable":true,"href":"https:\/\/latetedelemploi.be\/index.php\/wp-json\/wp\/v2\/comments?post=822"}],"version-history":[{"count":1,"href":"https:\/\/latetedelemploi.be\/index.php\/wp-json\/wp\/v2\/posts\/822\/revisions"}],"predecessor-version":[{"id":823,"href":"https:\/\/latetedelemploi.be\/index.php\/wp-json\/wp\/v2\/posts\/822\/revisions\/823"}],"wp:featuredmedia":[{"embeddable":true,"href":"https:\/\/latetedelemploi.be\/index.php\/wp-json\/wp\/v2\/media\/585"}],"wp:attachment":[{"href":"https:\/\/latetedelemploi.be\/index.php\/wp-json\/wp\/v2\/media?parent=822"}],"wp:term":[{"taxonomy":"category","embeddable":true,"href":"https:\/\/latetedelemploi.be\/index.php\/wp-json\/wp\/v2\/categories?post=822"},{"taxonomy":"post_tag","embeddable":true,"href":"https:\/\/latetedelemploi.be\/index.php\/wp-json\/wp\/v2\/tags?post=822"}],"curies":[{"name":"wp","href":"https:\/\/api.w.org\/{rel}","templated":true}]}}