{"id":814,"date":"2023-01-18T18:14:14","date_gmt":"2023-01-18T17:14:14","guid":{"rendered":"http:\/\/mlcpree.cluster029.hosting.ovh.net\/?p=814"},"modified":"2023-01-18T18:14:14","modified_gmt":"2023-01-18T17:14:14","slug":"un-emploi-dans-le-secteur-public","status":"publish","type":"post","link":"https:\/\/latetedelemploi.be\/index.php\/2023\/01\/18\/un-emploi-dans-le-secteur-public\/","title":{"rendered":"Un emploi dans le secteur public ?"},"content":{"rendered":"\n<p>Avec plus de 828.000 travailleurs (\u00e9tude r\u00e9alis\u00e9e en 2009), le secteur des administrations publiques est le plus grand pourvoyeur d\u2019emploi en Belgique.<\/p>\n\n\n\n<p>Le secteur public est organis\u00e9 en fonction des diff\u00e9rents niveaux de pouvoir en Belgique. Il regroupe l\u2019administration f\u00e9d\u00e9rale (SPF \u2013 Services Publics F\u00e9d\u00e9raux), les administrations communautaires et r\u00e9gionales, les administrations provinciales et communales dont les C.P.A.S. Il englobe \u00e9galement certains corps sp\u00e9ciaux&nbsp; tels que l\u2019arm\u00e9e, la police, l\u2019ordre judiciaire\u2026Il compte \u00e9galement les administrations de la s\u00e9curit\u00e9 sociale.<\/p>\n\n\n\n<p>Le plus grand nombre de fonctionnaires \u0153uvre au niveau des r\u00e9gions et communaut\u00e9s (365.000 emplois). Les activit\u00e9s d\u2019administration et d\u2019enseignement repr\u00e9sentent \u00e0 elles deux 90 % des emplois. Viennent ensuite les activit\u00e9s du transport, de la d\u00e9fense et les services collectifs.<\/p>\n\n\n\n<p>La diversit\u00e9 des fonctions est tr\u00e8s importante&nbsp;: employ\u00e9 d\u2019accueil, gardien de mus\u00e9e, assistant administratif, juriste, laborantin, \u00e9lectricien, agent p\u00e9nitentiaire, enseignant, policier, ing\u00e9nieur, femme d\u2019entretien, chauffeur, informaticien, conseiller en pr\u00e9vention, historien de l\u2019art, bachelier en communication, personnel de caf\u00e9t\u00e9ria, gestionnaire des ressources humaines, ouvrier en \u00e9lectrom\u00e9canique, en horticulture, en sylviculture, secr\u00e9taire de direction\u2026<\/p>\n\n\n\n<p>O\u00f9 trouver les offres et quel est le processus de s\u00e9lection&nbsp;?<\/p>\n\n\n\n<p><strong>L\u2019ADMINISTRATION FEDERALE (<\/strong><a href=\"http:\/\/www.fedweb.belgium.be\/\" target=\"_blank\" rel=\"noreferrer noopener\">www.fedweb.belgium.be<\/a>)<\/p>\n\n\n\n<p>Un organisme est charg\u00e9 du recrutement du personnel de la fonction publique&nbsp;: le Selor.<\/p>\n\n\n\n<p>Il annonce les offres sur son site internet&nbsp;<a href=\"http:\/\/www.selor.be\/\" target=\"_blank\" rel=\"noreferrer noopener\">www.selor.be<\/a><\/p>\n\n\n\n<p>Les informations sont relay\u00e9es via le Forem ou Actiris (\u00e0 Bruxelles) ainsi que via le Moniteur belge (<a href=\"http:\/\/www.moniteur.be\/\" target=\"_blank\" rel=\"noreferrer noopener\">www.moniteur.be<\/a>).<\/p>\n\n\n\n<p>Vous pouvez \u00e9galement consulter certains sites en ligne tels que Sepstone ou R\u00e9f\u00e9rences, \u2026 et \u00e9galement les journaux. Il existe aussi une ligne t\u00e9l\u00e9phonique&nbsp;gratuite&nbsp;: 0800 505 55 (accessible tous les jours ouvrables de 8 \u00e0 17 h)<\/p>\n\n\n\n<p><em>Pour les fonctions statutaires<\/em>&nbsp;(personnel nomm\u00e9 apr\u00e8s la r\u00e9ussite du concours de recrutement):&nbsp;<strong>le Selor<\/strong>&nbsp;(bureau de s\u00e9lection de l\u2019administration f\u00e9d\u00e9rale) est charg\u00e9 de publier les offres d\u2019emploi &nbsp;et d\u2019organiser les tests et interviews. Vous r\u00e9pondez \u00e0 une offre et si vous remplissez bien les conditions, vous \u00eates invit\u00e9 aux tests.<\/p>\n\n\n\n<p><em>Pour les fonctions contractuelles (agent sous contrat de travail d\u00e9termin\u00e9 ou ind\u00e9termin\u00e9)<\/em>&nbsp;: certaines offres d\u2019emploi sont annonc\u00e9es par le Selor mais il est conseill\u00e9 d\u2019\u00eatre attentif aux informations communiqu\u00e9es par le service dans lequel vous souhaitez travailler. Le futur employeur consulte d\u2019abord la banque de donn\u00e9es de cv du Selor. S\u2019il ne trouve aucun candidat, il publie lui-m\u00eame des annonces. La s\u00e9lection est g\u00e9n\u00e9ralement plus courte&nbsp;: un seul test ou interview est mis en place par l\u2019organisme recruteur (en concertation avec le Selor).<\/p>\n\n\n\n<p><em>Pour les fonctions de mandataires<\/em>&nbsp;(les fonctions de management et d\u2019encadrement)&nbsp;: le Selor se charge du recrutement.<\/p>\n\n\n\n<p>Faut-il un dipl\u00f4me&nbsp;?<\/p>\n\n\n\n<p>Pas n\u00e9cessairement. Certaines fonctions ne requi\u00e8rent pas de dipl\u00f4me&nbsp;: le niveau D.<\/p>\n\n\n\n<p>En fonction du poste, on va requ\u00e9rir un dipl\u00f4me de l\u2019enseignement secondaire sup\u00e9rieur (niveau C), un dipl\u00f4me de l\u2019enseignement sup\u00e9rieur de type court (bachelier \u2013 niveau B) ou un dipl\u00f4me universitaire ou de l\u2019enseignement sup\u00e9rieur de type long (master \u2013 niveau A)<\/p>\n\n\n\n<p>Si vous n\u2019avez pas le dipl\u00f4me requis mais de l\u2019exp\u00e9rience ou si votre dipl\u00f4me n\u2019est pas reconnu (dipl\u00f4me obtenu \u00e0 l\u2019\u00e9tranger), il est possible d\u2019obtenir une carte d\u2019acc\u00e8s en passant une \u00e9preuve. Si vous avez des questions dans ce domaine&nbsp;:&nbsp;<a href=\"mailto:diplome@selor.be\">diplome@Selor.be<\/a><\/p>\n\n\n\n<p>&nbsp;Faut-il \u00eatre belge&nbsp;?<\/p>\n\n\n\n<p>Pas n\u00e9cessairement.<\/p>\n\n\n\n<p>Les emplois contractuels sont ouverts \u00e0 tous, sans distinction de nationalit\u00e9.<\/p>\n\n\n\n<p>Pour un emploi statutaire, il faut \u00eatre belge ou citoyen de l\u2019Espace \u00e9conomique europ\u00e9en.<\/p>\n\n\n\n<p>Attention&nbsp;: Certains emplois sont touch\u00e9s par une restriction et la nationalit\u00e9 est donc requise.<\/p>\n\n\n\n<p>Source&nbsp;:<\/p>\n\n\n\n<p>Le SPF (Personnel et organisation) a r\u00e9alis\u00e9 une brochure tr\u00e8s compl\u00e8te&nbsp;:&nbsp;\u00abUn emploi dans l\u2019administration f\u00e9d\u00e9rale \u2013 Laissez-vous s\u00e9duire\u00bb est&nbsp;t\u00e9l\u00e9chargeable&nbsp;sur le site fedweb.<\/p>\n\n\n\n<p><strong>L\u2019ADMINISTRATION WALLONNE<\/strong><\/p>\n\n\n\n<p>(SPW \u2013 Service Public de Wallonie et OIP \u2013 organismes d\u2019int\u00e9r\u00eat public)<\/p>\n\n\n\n<p>Le site de r\u00e9f\u00e9rence est&nbsp;<a href=\"http:\/\/recrutement.wallonie.be\/\" target=\"_blank\" rel=\"noreferrer noopener\">http:\/\/recrutement.wallonie.be<\/a>. Sur ce site, vous pourrez postuler en ligne&nbsp;: envoyer votre candidature spontan\u00e9e ou r\u00e9pondre \u00e0 une offre sp\u00e9cifique. Il est m\u00eame possible de s\u2019inscrire pour recevoir les offres par email. Vous trouverez \u00e9galement tous les renseignements sur la fonction publique de Wallonie et les types d\u2019emploi qui y sont repr\u00e9sent\u00e9s. Bien entendu, vous aurez toutes les informations sur les offres disponibles et les proc\u00e9dures de recrutement.<\/p>\n\n\n\n<p>Le Selor est \u00e9galement l\u2019organisme qui se charge du recrutement pour les emplois statutaire \u00e0 la R\u00e9gion.<\/p>\n\n\n\n<p>Pour le personnel contractuel, la R\u00e9gion se charge de la s\u00e9lection. Une commission analyse les candidatures sur base d\u2019un appel public ou sur bases des candidatures spontan\u00e9es issues de une base des donn\u00e9es. &nbsp;Pour les emplois contractuels, vous pouvez donc voir les emplois sur le site de la R\u00e9gion et y r\u00e9pondre directement par internet. Vous pouvez d\u00e9poser spontan\u00e9ment votre cv dans la banque de donn\u00e9es qui servira \u00e0 l\u2019administration lorsqu\u2019elle d\u00e9cide d\u2019un recrutement.<\/p>\n\n\n\n<p>A noter que la R\u00e9gion comme l\u2019Etat F\u00e9d\u00e9ral communique les appels d\u2019offre via d\u2019autres m\u00e9dia ou organisations tels que le FOREM. C\u2019est notamment le cas lorsque l\u2019Administration recrute des PTP (programme de transition professionnelle) ou des APE (aides \u00e0 la promotion de l\u2019emploi). Le FOREM transmet le nom des candidats apr\u00e8s avoir v\u00e9rifi\u00e9 qu\u2019ils sont dans les conditions.<\/p>\n\n\n\n<p><strong>L\u2019ADMINISTRATION PROVINCIALE<\/strong><\/p>\n\n\n\n<p>Vous pouvez introduire votre candidature spontan\u00e9e aupr\u00e8s de la Greffi\u00e8re ou du Greffier de la Province&nbsp; qui vous int\u00e9resse&nbsp;: nomm\u00e9(e) par le Conseil Provincial, c\u2019est le chef du personnel des agents provinciaux ainsi que des agents de l\u2019Etat affect\u00e9s \u00e0 l\u2019administration provinciale.<\/p>\n\n\n\n<p>Pour consulter les offres d\u2019emploi, visitez le site de chaque province<\/p>\n\n\n\n<p>Pour la province de Li\u00e8ge&nbsp;:&nbsp;<a href=\"http:\/\/www.provincedeliege.be\/emplois\/\" target=\"_blank\" rel=\"noreferrer noopener\">http:\/\/www.provincedeliege.be\/emplois\/<\/a><\/p>\n\n\n\n<p>N\u2019oubliez pas que les provinces sont tr\u00e8s actives dans le secteur de l\u2019enseignement. Retrouvez les adresses des \u00e9tablissements de l\u2019enseignement provincial li\u00e9geois ici&nbsp;:&nbsp;<a href=\"http:\/\/www.provincedeliege.be\/enseignement\/\" target=\"_blank\" rel=\"noreferrer noopener\">http:\/\/www.provincedeliege.be\/enseignement\/<\/a><\/p>\n\n\n\n<p>Les site pour les emplois d\u2019enseignant Wallonie-Bruxelles:&nbsp;<a href=\"http:\/\/www.enseignement.be\/\" target=\"_blank\" rel=\"noreferrer noopener\">http:\/\/www.enseignement.be\/<\/a><\/p>\n\n\n\n<p>Le portail des autres provinces&nbsp;:<\/p>\n\n\n\n<p><a href=\"http:\/\/www.province.namur.be\/\" target=\"_blank\" rel=\"noreferrer noopener\">http:\/\/www.province.namur.be<\/a><\/p>\n\n\n\n<p><a href=\"http:\/\/www.brabantwallon.be\/fr\/economie-et-emploi\/emploi.html\" target=\"_blank\" rel=\"noreferrer noopener\">http:\/\/www.brabantwallon.be\/fr\/economie-et-emploi\/emploi.html<\/a><\/p>\n\n\n\n<p><a href=\"http:\/\/www.hainaut.be\/\" target=\"_blank\" rel=\"noreferrer noopener\">http:\/\/www.hainaut.be\/<\/a><\/p>\n\n\n\n<p><a href=\"http:\/\/www.province.luxembourg.be\/fr\/emploi.html?IDC=3980\" target=\"_blank\" rel=\"noreferrer noopener\">http:\/\/www.province.luxembourg.be\/fr\/emploi.html?IDC=3980<\/a><\/p>\n\n\n\n<p><strong>L\u2019ADMINISTRATION COMMUNALE<\/strong><\/p>\n\n\n\n<p>Le site de l\u2019Union des villes et des communes diffusent les offres d\u2019emploi que lui communiquent les administrations communales et les CPAS.&nbsp;<a href=\"http:\/\/www.uvcw.be\/jobcom\/\" target=\"_blank\" rel=\"noreferrer noopener\">http:\/\/www.uvcw.be\/jobcom\/<\/a><\/p>\n\n\n\n<p>Les Administrations et C.P.A.S. organisent des appels d\u2019offres dans les m\u00e9dias ou via le FOREM. Elles ont \u00e9galement recours \u00e0 leur r\u00e9serve de candidatures spontan\u00e9es.<\/p>\n\n\n\n<p>Nous vous conseillons bien entendu de visiter le site de chaque Commune et de v\u00e9rifier si elles y ont inclus une rubrique job ou emploi. Certaines communes diffusent des offres ou&nbsp; des renseignements plus g\u00e9n\u00e9raux sur les proc\u00e9dures \u00e0 suivre ou les services \u00e0 contacter. Il est parfois possible de d\u00e9poser en ligne une candidature spontan\u00e9e. A vous de mener votre enqu\u00eate.<\/p>\n\n\n\n<p>Voici le lien vers la rubrique emploi de la ville de Li\u00e8ge&nbsp;:&nbsp;<a href=\"https:\/\/www.liege.be\/fr\/vivre-a-liege\/emploi\/offres-demploi\" target=\"_blank\" rel=\"noreferrer noopener\">http:\/\/www.liege.be<\/a><\/p>\n\n\n\n<p>Le plus simple est d\u2019\u00e9crire au secr\u00e9taire communal ou au Pr\u00e9sident du C.P.A.S voire d\u2019adresser directement votre candidature&nbsp; au responsable du service dans lequel vous souhaiteriez travailler.<\/p>\n\n\n\n<p>Notre conseil&nbsp;: bon nombre de Communes ou &nbsp;CPAS ont d\u00e9velopp\u00e9 des services d\u2019aide \u00e0 la recherche emploi&nbsp; ou des ADL (Agence de D\u00e9veloppement Local): cellule emploi, service r\u00e9insertion, service d\u2019insertion socioprofessionnelle; n\u2019h\u00e9sitez pas \u00e0 contacter ces organismes pour avoir des informations sur le recrutement local.<\/p>\n\n\n\n<p><strong>Rendez-vous sur le site de l\u2019Administration qui vous int\u00e9resse<\/strong><\/p>\n\n\n\n<p>Vous l\u2019aurez compris, le Selor joue un r\u00f4le central dans le recrutement des fonctionnaires. Le site www&nbsp;Selor.be est donc la r\u00e9f\u00e9rence. Vous y trouverez non seulement des offres d\u2019emploi mais \u00e9galement une mine d\u2019information sur la proc\u00e9dure \u00e0 suivre pour les appels d\u2019offre et les tests qui&nbsp; seront organis\u00e9s. Vous pourrez placer votre cv dans la banque de donn\u00e9e et demander \u00e0 recevoir les offres par mail.<\/p>\n\n\n\n<p>Toutefois,&nbsp; nous vous conseillons de consulter le site internet de l\u2019Administration qui vous int\u00e9resse.&nbsp; &nbsp;M\u00eame si cette administration a recours au Selor pour recruter ses agents statutaires, vous pourrez d\u00e9nicher toute sorte d\u2019infos utiles sur d\u2019autres types de contrat par exemple.<\/p>\n\n\n\n<p>Certaines administrations organisent elle-m\u00eame leur recrutement. C\u2019est le cas de l\u2019arm\u00e9e ou de la police par exemple.<\/p>\n\n\n\n<p>Voici une liste non exhaustive de sites int\u00e9ressant&nbsp;:<\/p>\n\n\n\n<p>Un job \u00e0 la SNCB<\/p>\n\n\n\n<figure class=\"wp-block-embed\"><div class=\"wp-block-embed__wrapper\">\nhttps:\/\/jobs.sncb.be\/\n<\/div><\/figure>\n\n\n\n<p>Un job dans l\u2019arm\u00e9e<\/p>\n\n\n\n<p><a href=\"http:\/\/www.mil.be\/\" target=\"_blank\" rel=\"noreferrer noopener\">http:\/\/www.mil.be<\/a><\/p>\n\n\n\n<p>Un job \u00e0 la police<\/p>\n\n\n\n<p><a href=\"http:\/\/www.jobpol.be\/\" target=\"_blank\" rel=\"noreferrer noopener\">http:\/\/www.jobpol.be<\/a><\/p>\n\n\n\n<p>SPF\/justice<\/p>\n\n\n\n<p><a href=\"http:\/\/justice.belgium.be\/fr\/un_job_a_la_justice\/offres_d_emploi\/candidature_spontanee\/\" target=\"_blank\" rel=\"noreferrer noopener\">http:\/\/justice.belgium.be\/fr\/un_job_a_la_justice\/offres_d_emploi\/candidature_spontanee\/<\/a><\/p>\n\n\n\n<p>Onem<\/p>\n\n\n\n<p><a href=\"http:\/\/www.onem.be\/fr\/lonem\/travailler-lonem\" target=\"_blank\" rel=\"noreferrer noopener\">http:\/\/www.onem.be\/fr\/lonem\/travailler-lonem<\/a><\/p>\n\n\n\n<p>FOREM<\/p>\n\n\n\n<figure class=\"wp-block-embed\"><div class=\"wp-block-embed__wrapper\">\nhttps:\/\/www.leforem.be\/a-propos\/travailler-au-forem.html\n<\/div><\/figure>\n\n\n\n<p>ONSS<\/p>\n\n\n\n<p><a href=\"http:\/\/www.rsz.fgov.be\/fr\/jobs\/jobs\" target=\"_blank\" rel=\"noreferrer noopener\">http:\/\/www.rsz.fgov.be\/fr\/jobs\/jobs<\/a><\/p>\n\n\n\n<p>Office National des Pensions<\/p>\n\n\n\n<p><a href=\"http:\/\/www.onprvp.fgov.be\/FR\/about\/jobs\/Pages\/default.aspx\" target=\"_blank\" rel=\"noreferrer noopener\">http:\/\/www.onprvp.fgov.be\/FR\/about\/jobs\/Pages\/default.aspx<\/a><\/p>\n\n\n\n<p>FEDASIL<\/p>\n\n\n\n<p><a href=\"https:\/\/www.fedasil.be\/fr\/travailler-fedasil\" target=\"_blank\" rel=\"noreferrer noopener\">http:\/\/fedasil.be\/fr\/jobs\/travailler-chez-fedasil<\/a><\/p>\n\n\n\n<p><strong>LES INSTITUTIONS EUROPEENNES<\/strong><\/p>\n\n\n\n<p><a href=\"http:\/\/europa.eu\/epso\/index_fr.htmhttp:\/\/europa.eu\/about-eu\/working-eu-institutions\/index_fr.htm\" target=\"_blank\" rel=\"noreferrer noopener\">http:\/\/europa.eu\/epso\/index_fr.htmhttp:\/\/europa.eu\/about-eu\/working-eu-institutions\/index_fr.htm<\/a><\/p>\n\n\n\n<p><strong>LA REGION BRUXELLOISE (<\/strong><a href=\"http:\/\/www.bruxelles.irisnet.be\/\" target=\"_blank\" rel=\"noreferrer noopener\"><strong>http:\/\/www.bruxelles.irisnet.be\/<\/strong><\/a><strong>)<\/strong><\/p>\n\n\n\n<p>Le processus de s\u00e9lection des agents statutaires est g\u00e9r\u00e9 par le Selor.<\/p>\n\n\n\n<p>Ou trouver des offres&nbsp;?&nbsp; Sur le site&nbsp;<a href=\"http:\/\/brujobs.irisnet.be\/fr\" target=\"_blank\" rel=\"noreferrer noopener\">http:\/\/brujobs.irisnet.be\/fr<\/a><\/p>\n","protected":false},"excerpt":{"rendered":"<p>Avec plus de 828.000 travailleurs (\u00e9tude r\u00e9alis\u00e9e en 2009), le secteur des administrations publiques est le plus grand pourvoyeur d\u2019emploi en Belgique. Le secteur public est organis\u00e9 en fonction des diff\u00e9rents niveaux de pouvoir en Belgique. Il regroupe l\u2019administration f\u00e9d\u00e9rale (SPF \u2013 Services Publics F\u00e9d\u00e9raux), les administrations communautaires et r\u00e9gionales, les administrations provinciales et communales [&hellip;]<\/p>\n","protected":false},"author":2,"featured_media":625,"comment_status":"closed","ping_status":"closed","sticky":false,"template":"","format":"standard","meta":{"footnotes":""},"categories":[1],"tags":[],"class_list":["post-814","post","type-post","status-publish","format-standard","has-post-thumbnail","hentry","category-non-classe"],"_links":{"self":[{"href":"https:\/\/latetedelemploi.be\/index.php\/wp-json\/wp\/v2\/posts\/814","targetHints":{"allow":["GET"]}}],"collection":[{"href":"https:\/\/latetedelemploi.be\/index.php\/wp-json\/wp\/v2\/posts"}],"about":[{"href":"https:\/\/latetedelemploi.be\/index.php\/wp-json\/wp\/v2\/types\/post"}],"author":[{"embeddable":true,"href":"https:\/\/latetedelemploi.be\/index.php\/wp-json\/wp\/v2\/users\/2"}],"replies":[{"embeddable":true,"href":"https:\/\/latetedelemploi.be\/index.php\/wp-json\/wp\/v2\/comments?post=814"}],"version-history":[{"count":1,"href":"https:\/\/latetedelemploi.be\/index.php\/wp-json\/wp\/v2\/posts\/814\/revisions"}],"predecessor-version":[{"id":815,"href":"https:\/\/latetedelemploi.be\/index.php\/wp-json\/wp\/v2\/posts\/814\/revisions\/815"}],"wp:featuredmedia":[{"embeddable":true,"href":"https:\/\/latetedelemploi.be\/index.php\/wp-json\/wp\/v2\/media\/625"}],"wp:attachment":[{"href":"https:\/\/latetedelemploi.be\/index.php\/wp-json\/wp\/v2\/media?parent=814"}],"wp:term":[{"taxonomy":"category","embeddable":true,"href":"https:\/\/latetedelemploi.be\/index.php\/wp-json\/wp\/v2\/categories?post=814"},{"taxonomy":"post_tag","embeddable":true,"href":"https:\/\/latetedelemploi.be\/index.php\/wp-json\/wp\/v2\/tags?post=814"}],"curies":[{"name":"wp","href":"https:\/\/api.w.org\/{rel}","templated":true}]}}