{"id":804,"date":"2023-01-18T17:58:50","date_gmt":"2023-01-18T16:58:50","guid":{"rendered":"http:\/\/mlcpree.cluster029.hosting.ovh.net\/?p=804"},"modified":"2023-09-26T15:15:56","modified_gmt":"2023-09-26T13:15:56","slug":"entretien-dembauche-lemployeur-na-pas-a-tout-savoir","status":"publish","type":"post","link":"https:\/\/latetedelemploi.be\/index.php\/2023\/01\/18\/entretien-dembauche-lemployeur-na-pas-a-tout-savoir\/","title":{"rendered":"Entretien d\u2019embauche: l\u2019employeur n\u2019a pas \u00e0 tout savoir"},"content":{"rendered":"\n<p>Lors d\u2019un entretien, le recruteur peut parfois se montrer tr\u00e8s curieux. Devez-vous r\u00e9pondre \u00e0 des questions personnelles&nbsp;? Que dit la&nbsp; loi&nbsp;? Comment trouver les mots pour faire face \u00e0 des questions d\u00e9stabilisantes&nbsp;? Que faire si l\u2019on est victime d\u2019une discrimination lors d\u2019un processus de recrutement ou lors d\u2019une formation professionnelle&nbsp;?<\/p>\n\n\n\n<p>La loi* stipule que&nbsp;la vie priv\u00e9e doit \u00eatre respect\u00e9e&nbsp;: les questions sur la vie priv\u00e9e ne se justifient que si elles sont pertinentes en raison de la nature et des conditions d\u2019exercice de la fonction.<\/p>\n\n\n\n<p>Concr\u00e8tement cela signifie que vous n\u2019\u00eates pas tenu de r\u00e9pondre \u00e0 des questions sur&nbsp;:<\/p>\n\n\n\n<p>\u2013 votre \u00e9tat civil ainsi que le fait d\u2019avoir ou pas des enfants<\/p>\n\n\n\n<p>\u2013 votre \u00e9tat de grossesse ou projet de fonder&nbsp;une&nbsp;famille<\/p>\n\n\n\n<p>\u2013 vos choix politiques ou affiliation \u00e0 un syndicat<\/p>\n\n\n\n<p>\u2013 vos convictions religieuses<\/p>\n\n\n\n<p>\u2013 votre orientation sexuelle<\/p>\n\n\n\n<p>\u2013 votre situation financi\u00e8re<\/p>\n\n\n\n<p>\u2013 votre \u00e9tat de sant\u00e9<\/p>\n\n\n\n<p>\u2013 votre&nbsp; pass\u00e9 judiciaire<\/p>\n\n\n\n<p><em>Exemples de questions qui ne peuvent \u00eatre pos\u00e9es&nbsp;:<\/em><\/p>\n\n\n\n<p><em>-Souhaitez-vous&nbsp; fonder une&nbsp;famille&nbsp;?<\/em><\/p>\n\n\n\n<p><em>-Etes-vous syndiqu\u00e9&nbsp;?<\/em><\/p>\n\n\n\n<p><em>-Etes-vous juif&nbsp;?<\/em><\/p>\n\n\n\n<p><em>-Avez-vous contract\u00e9 des emprunts&nbsp;?<\/em><\/p>\n\n\n\n<p>La loi apporte cependant des r\u00e9serves.<\/p>\n\n\n\n<p>On jugera la justification objective de telle ou telle question par rapport \u00e0 la fonction recherch\u00e9e. En fonction du poste, on comprendra qu\u2019il est parfois opportun de s\u2019enqu\u00e9rir de certaines informations ou d\u2019avoir certains crit\u00e8res de s\u00e9lection.<\/p>\n\n\n\n<p>Exemples&nbsp;:<\/p>\n\n\n\n<p>Demander si une femme est enceinte lorsque le poste peut \u00eatre dangereux pour l\u2019enfant.<\/p>\n\n\n\n<p>Demander si on adh\u00e8re au parti s\u2019il s\u2019agit de travailler pour un cabinet politique.<\/p>\n\n\n\n<p>Certains postes n\u00e9cessitent un casier judiciaire vierge.<\/p>\n\n\n\n<p>En ce qui concerne l\u2019\u00e9tat de sant\u00e9, il est parfois demand\u00e9 de passer une visite m\u00e9dicale aupr\u00e8s d\u2019un m\u00e9decin du travail.<\/p>\n\n\n\n<p>Certains emplois peuvent justifier des crit\u00e8res d\u2019\u00e2ge comme le m\u00e9tier de mannequin.<\/p>\n\n\n\n<p><strong>Comment r\u00e9agir face \u00e0 une question trop personnelle&nbsp;?<\/strong><\/p>\n\n\n\n<p>Certes, vous avez&nbsp; le droit de ne pas r\u00e9pondre mais l\u2019employeur risque de vous disqualifier injustement.<\/p>\n\n\n\n<p>-Une solution peut \u00eatre de renverser la situation en posant une question en retour.<\/p>\n\n\n\n<p>Par exemple&nbsp;: lorsque l\u2019on vous interroge sur votre situation de famille ou sur vos projets d\u2019avoir des enfants, on peut demander&nbsp;\u00ab<em>Vous souhaitez conna\u00eetre ma disponibilit\u00e9<\/em>&nbsp;?\u00bb<\/p>\n\n\n\n<p>-Vous pouvez \u00e9galement signaler que vous ne comprenez pas le rapport entre la question et le poste \u00e0 pourvoir. De cette mani\u00e8re, vous amenez votre interlocuteur \u00e0 expliquer en quoi sa question est en lien direct avec l\u2019offre d\u2019emploi. \u00ab&nbsp;<em>Excusez-moi, je ne comprends pas bien le rapport de votre question avec les t\u00e2ches qui me seront confi\u00e9es, pouvez-vous m\u2019expliquer&nbsp;<\/em>?&nbsp;\u00bb<\/p>\n\n\n\n<p>Si l\u2019employeur a le devoir de respecter votre vie priv\u00e9, il ne peut \u00e9galement se montrer discriminant.<\/p>\n\n\n\n<p>La l\u00e9gislation belge b\u00e9n\u00e9ficie de trois lois f\u00e9d\u00e9rales* pour lutter contre toutes formes de discrimination&nbsp;lors de la proc\u00e9dure de recrutement (de la publication d\u2019une offre d\u2019emploi \u00e0 l\u2019entretien de s\u00e9lection final). Ces lois s\u2019appliquent \u00e9galement apr\u00e8s l\u2019engagement (sur le lieu de travail) ainsi qu\u2019en cas de licenciement.<\/p>\n\n\n\n<p>Sont interdites les discriminations sur base&nbsp;: de la pr\u00e9tendue race, la nationalit\u00e9, la couleur de peau, l\u2019origine ethnique, l\u2019origine nationale, le sexe, l\u2019\u00e2ge, l\u2019orientation sexuelle, l\u2019\u00e9tat civil, la naissance, la fortune, les convictions politiques, philosophiques, religieuses, la langue, l\u2019\u00e9tat de sant\u00e9, le handicap, les caract\u00e9ristiques physiques ou g\u00e9n\u00e9tiques, l\u2019origine sociale.<\/p>\n\n\n\n<p>Lors d\u2019une proc\u00e9dure de recrutement, tous les chercheurs d\u2019emploi doivent \u00eatre trait\u00e9s de la m\u00eame mani\u00e8re.<\/p>\n\n\n\n<p>Si l\u2019employeur est libre d\u2019engager le candidat qui, selon lui, convient le mieux \u00e0 l\u2019emploi offert, aucune personne ne peut &nbsp;\u00eatre \u00e9cart\u00e9e de la proc\u00e9dure de recrutement en raison de l\u2019un de ces crit\u00e8res. Si vous \u00eates tra\u00eet\u00e9, en fonction d\u2019un crit\u00e8re prot\u00e9g\u00e9, de mani\u00e8re moins favorable qu\u2019une personne dans une situation comparable et ce, sans que cela ne se justifie, vous \u00eates victime d\u2019une discrimination. A l\u2019employeur de se justifier sous peine d\u2019une condamnation. Il devra prouver que son choix est bas\u00e9 sur des crit\u00e8res objectifs et raisonnables.<\/p>\n\n\n\n<p><em>Exemple de discrimination<\/em>&nbsp;:<\/p>\n\n\n\n<p>-Un employeur refuse de vous engager car vous \u00eates homosexuel(le).<\/p>\n\n\n\n<p>-Un employeur n\u2019adresse son offre qu\u2019\u00e0 des hommes car il estime que pour vendre des articles de sport les femmes ne seront pas comp\u00e9tentes.<\/p>\n\n\n\n<p><strong>A qui vous adresser si vous \u00eates victime d\u2019une discrimination&nbsp;li\u00e9e \u00e0 l\u2019emploi ou \u00e0 la formation professionnelle ?&nbsp;<\/strong>Contactez&nbsp;:<\/p>\n\n\n\n<p>-Le service \u00e9galit\u00e9 et diversit\u00e9 du FOREM&nbsp;: t\u00e9l.&nbsp;: 071\/20 68 97<\/p>\n\n\n\n<p>-Le Centre \u00e9galit\u00e9 des chances et la lutte contre le racisme&nbsp; \u2013&nbsp;<a href=\"http:\/\/www.unia.be\/\" target=\"_blank\" rel=\"noreferrer noopener\">http:\/\/www.unia.be<\/a><\/p>\n\n\n\n<p>-L\u2019Institut \u00e9galit\u00e9 femme homme (IEFH) \u2013&nbsp;<a href=\"http:\/\/igvm-iefh.belgium.be\/fr\/\" target=\"_blank\" rel=\"noreferrer noopener\">http:\/\/igvm-iefh.belgium.be\/fr\/<\/a><\/p>\n\n\n\n<p>\u2013 Le guichet d\u2019information sur la discrimination \u00e0 l\u2019embauche d\u2019Actiris<\/p>\n\n\n\n<p>Avenue de l\u2019Astronomie 14 \u00e9tage 6 1210 Bruxelles T\u00e9l.: 0800\/35.123<\/p>\n\n\n\n<p><strong><em>*Quels sont les textes de loi qui r\u00e9gissent ces mati\u00e8res&nbsp;?<\/em><\/strong><\/p>\n\n\n\n<p><em>Convention Collective du Travail&nbsp; \u2013 CCT n\u00b038 du 6 d\u00e9cembre 1983 concernant le recrutement et la s\u00e9lection de travailleurs.<\/em><\/p>\n\n\n\n<p><em>La loi du 8 d\u00e9cembre 1992 relative \u00e0 la protection de la vie priv\u00e9e<\/em><\/p>\n\n\n\n<p><em>La loi anti discrimination \u2013 loi du 10 mai 2007<\/em><\/p>\n\n\n\n<p><em>La loi antiracisme \u2013 loi du 30 juillet 1981, modifi\u00e9e par la loi du 10 mai 2007<\/em><\/p>\n\n\n\n<p><em>La loi \u00ab&nbsp;genre&nbsp;\u00bb \u2013 loi du 10 mai 2007 (lutte contre la discrimination hommes-femmes)<\/em><\/p>\n","protected":false},"excerpt":{"rendered":"<p>Lors d\u2019un entretien, le recruteur peut parfois se montrer tr\u00e8s curieux. Devez-vous r\u00e9pondre \u00e0 des questions personnelles&nbsp;? Que dit la&nbsp; loi&nbsp;? Comment trouver les mots pour faire face \u00e0 des questions d\u00e9stabilisantes&nbsp;? Que faire si l\u2019on est victime d\u2019une discrimination lors d\u2019un processus de recrutement ou lors d\u2019une formation professionnelle&nbsp;? La loi* stipule que&nbsp;la vie [&hellip;]<\/p>\n","protected":false},"author":2,"featured_media":683,"comment_status":"closed","ping_status":"closed","sticky":false,"template":"","format":"standard","meta":{"footnotes":""},"categories":[1],"tags":[],"class_list":["post-804","post","type-post","status-publish","format-standard","has-post-thumbnail","hentry","category-non-classe"],"_links":{"self":[{"href":"https:\/\/latetedelemploi.be\/index.php\/wp-json\/wp\/v2\/posts\/804","targetHints":{"allow":["GET"]}}],"collection":[{"href":"https:\/\/latetedelemploi.be\/index.php\/wp-json\/wp\/v2\/posts"}],"about":[{"href":"https:\/\/latetedelemploi.be\/index.php\/wp-json\/wp\/v2\/types\/post"}],"author":[{"embeddable":true,"href":"https:\/\/latetedelemploi.be\/index.php\/wp-json\/wp\/v2\/users\/2"}],"replies":[{"embeddable":true,"href":"https:\/\/latetedelemploi.be\/index.php\/wp-json\/wp\/v2\/comments?post=804"}],"version-history":[{"count":2,"href":"https:\/\/latetedelemploi.be\/index.php\/wp-json\/wp\/v2\/posts\/804\/revisions"}],"predecessor-version":[{"id":1948,"href":"https:\/\/latetedelemploi.be\/index.php\/wp-json\/wp\/v2\/posts\/804\/revisions\/1948"}],"wp:featuredmedia":[{"embeddable":true,"href":"https:\/\/latetedelemploi.be\/index.php\/wp-json\/wp\/v2\/media\/683"}],"wp:attachment":[{"href":"https:\/\/latetedelemploi.be\/index.php\/wp-json\/wp\/v2\/media?parent=804"}],"wp:term":[{"taxonomy":"category","embeddable":true,"href":"https:\/\/latetedelemploi.be\/index.php\/wp-json\/wp\/v2\/categories?post=804"},{"taxonomy":"post_tag","embeddable":true,"href":"https:\/\/latetedelemploi.be\/index.php\/wp-json\/wp\/v2\/tags?post=804"}],"curies":[{"name":"wp","href":"https:\/\/api.w.org\/{rel}","templated":true}]}}