{"id":778,"date":"2023-01-18T17:43:03","date_gmt":"2023-01-18T16:43:03","guid":{"rendered":"http:\/\/mlcpree.cluster029.hosting.ovh.net\/?p=778"},"modified":"2023-09-21T11:27:28","modified_gmt":"2023-09-21T09:27:28","slug":"parfois-il-est-preferable-de-se-taire-lors-dun-entretien-dembauche","status":"publish","type":"post","link":"https:\/\/latetedelemploi.be\/index.php\/2023\/01\/18\/parfois-il-est-preferable-de-se-taire-lors-dun-entretien-dembauche\/","title":{"rendered":"Parfois il est pr\u00e9f\u00e9rable de se taire\u2026 lors d\u2019un entretien d\u2019embauche"},"content":{"rendered":"\n<p>Tous les sujets ne sont pas bons \u00e0 aborder lors d\u2019un entretien d\u2019embauche. Soyez assur\u00e9 que tout ce que vous direz sera analys\u00e9 de fa\u00e7on consciente ou non par le recruteur. Si mentir est interdit, il vous reste pas mal d\u2019options pour pr\u00e9senter avantageusement votre candidature. Nous vous conseillons de bien s\u00e9lectionner les informations que vous allez communiquer et veiller \u00e0 la mani\u00e8re ainsi qu\u2019au moment pour bien les exprimer. Deux r\u00e8gles sont primordiales&nbsp;:<\/p>\n\n\n\n<ul class=\"wp-block-list\">\n<li>Concentrez votre discours sur la sph\u00e8re professionnelle<\/li>\n\n\n\n<li>Restez toujours positif (Ne parlez pas de vos probl\u00e8mes, pas m\u00eame de vos difficult\u00e9s \u00e0 trouver un job)<\/li>\n<\/ul>\n\n\n\n<p><strong>Parler de sa vie priv\u00e9e?<\/strong><\/p>\n\n\n\n<p>Rien ne vous y oblige et cela est m\u00eame d\u00e9conseill\u00e9. Il ne faut pas tout dire sur sa personnalit\u00e9. L\u2019entretien d\u2019embauche n\u2019est pas une s\u00e9ance chez le psy. Pas question de raconter ses soucis. Concentrez-vous sur la sph\u00e8re professionnelle. On vous demande de parler de vous? Retracez votre parcours&nbsp;bri\u00e8vement en mettant en avant les formations et exp\u00e9riences int\u00e9ressantes. Choisissez les traits de votre personnalit\u00e9 qui correspondent aux exigences du poste. &nbsp;Attention au d\u00e9faut impardonnable&nbsp;! Vous n\u2019\u00eates pas ponctuel \u2013 vous \u00eates bord\u00e9lique\u2026 Il n\u2019y a aucune raison de vous tirer une balle dans le pied. Les employeurs ne sont pas pr\u00eats \u00e0 tout accepter sous le couvert de la franchise.<\/p>\n\n\n\n<p>Autre sujet qui peut paraitre un d\u00e9tail mais qui ne l\u2019est pas toujours&nbsp;: vos centres d\u2019int\u00e9r\u00eat. Ils en disent long sur vous donc r\u00e9fl\u00e9chissez bien \u00e0 ce que vous d\u00e9cidez de raconter. S\u2019\u00e9tendre sur des passions surtout si elles sont atypiques peut parfois avoir un effet n\u00e9gatif.<\/p>\n\n\n\n<p>Il arrive qu\u2019au fur et \u00e0 mesure de l\u2019entretien, une complicit\u00e9 s\u2019\u00e9tablisse. Vous vous sentez plus \u00e0 l\u2019aise&nbsp;? M\u00eame en cas de bon feeling, faites attention \u00e0 l\u2019exc\u00e8s de familiarit\u00e9.<\/p>\n\n\n\n<p><strong>Et la sant\u00e9&nbsp;?<\/strong><\/p>\n\n\n\n<p>Rien ne vous oblige \u00e0 d\u00e9tailler votre bulletin de sant\u00e9. En g\u00e9n\u00e9ral, une visite m\u00e9dicale est organis\u00e9e avant la signature du contrat afin d\u2019assurer l\u2019employeur que vous \u00eates apte aux t\u00e2ches qui vous seront d\u00e9volues.&nbsp; L\u2019employeur ne pourra consulter votre dossier m\u00e9dical. Il recevra juste un papier disant que vous \u00eates apte ou inapte.<\/p>\n\n\n\n<p>On peut comprendre que l\u2019employeur&nbsp; veuille v\u00e9rifier que vous ne serez pas toujours absent(e) et que vous pourrez assurer toutes les t\u00e2ches qu\u2019il pr\u00e9voit de vous confier.<\/p>\n\n\n\n<p>Restez donc dans cette optique si on vous pose une question de cet ordre au cours de l\u2019entretien : \u00ab&nbsp;Pas de probl\u00e8mes de sant\u00e9 qui m\u2019emp\u00eachent d\u2019assurer correctement mes fonctions&nbsp;\u00bb. Inutile de rentrer dans les d\u00e9tails.<\/p>\n\n\n\n<p>Il est \u00e9vident que c\u2019est dans votre int\u00e9r\u00eat de ne pas vous engager dans un travail qui ne vous conviendrait pas.<\/p>\n\n\n\n<p>Vous avez travers\u00e9 une p\u00e9riode de d\u00e9prime? L\u2019entretien d\u2019embauche n\u2019est pas le bon contexte pour en parler. Cela peut faire peur \u00e0 certains recruteurs. Encore une fois, ce n\u2019est pas parce que vous cherchez un emploi que vous devez raconter toute votre vie.<\/p>\n\n\n\n<p>Il peut arriver que l\u2019employeur vous questionne sur&nbsp;<a href=\"https:\/\/latetedelemploi.be\/index.php\/2023\/01\/18\/vous-avez-un-cv-emmental-comment-combler-les-trous\/\" target=\"_blank\" rel=\"noreferrer noopener\">\u00ab&nbsp;un trou&nbsp;\u00bb de votre CV<\/a>&nbsp;li\u00e9 \u00e0 un souci de sant\u00e9. Mentionnez-le sans entrer dans le d\u00e9tail et insistez sur le fait qu\u2019\u00e0 l\u2019heure actuelle, vous \u00eates totalement remis et en bonne forme pour reprendre le travail.<\/p>\n\n\n\n<p><strong>Vos opinions religieuses\/politiques\/ morales<\/strong><\/p>\n\n\n\n<p>En g\u00e9n\u00e9ral, ce n\u2019est pas un sujet qui est abord\u00e9 lors d\u2019un entretien d\u2019embauche (exception faites de certains postes qui n\u00e9cessitent une action engag\u00e9e. Exemple&nbsp;: travailler pour un syndicat).<\/p>\n\n\n\n<p>S\u2019il existe un cadre l\u00e9gal pour pr\u00e9venir les\u00a0<a href=\"https:\/\/latetedelemploi.be\/index.php\/2023\/01\/18\/entretien-dembauche-lemployeur-na-pas-a-tout-savoir\/\" target=\"_blank\" rel=\"noreferrer noopener\">discriminations<\/a>, les employeurs trouvent parfois des pr\u00e9textes pour motiver leur fin de non recevoir. Encore une fois, il est conseill\u00e9 de ne pas m\u00e9langer vie priv\u00e9e et vie professionnelle. Vous ne connaissez pas le recruteur, veillez donc \u00e0 rester neutre dans ce domaine.<\/p>\n\n\n\n<p><strong>Critiquer son ancien employeur ou ses coll\u00e8gues&nbsp;?<\/strong><\/p>\n\n\n\n<p>Pourquoi ne doit-on jamais en parler&nbsp;? Pensez \u00e0 une des lignes de&nbsp;\u00ab&nbsp;bonne conduite&nbsp;\u00bb d\u2019un entretien d\u2019embauche r\u00e9ussi&nbsp;: toujours rester positif&nbsp;! Si vous avez eu des&nbsp;difficult\u00e9s relationnelles au cours de votre derni\u00e8re exp\u00e9rience, cela ne va-t-il pas se reproduire? Pour qu\u2019il y ait un conflit, il faut \u00eatre deux.&nbsp; Etes-vous capable de vous remettre en question? Savez-vous endosser votre part de responsabilit\u00e9?<\/p>\n\n\n\n<p>De toute fa\u00e7on, ce n\u2019est nullement le moment de r\u00e9gler vos ranc\u0153urs. Ne cr\u00e9ez donc pas de doute chez le recruteur sur votre capacit\u00e9 \u00e0 \u00e9tablir de bonnes relations dans un cadre professionnel.<\/p>\n\n\n\n<p><strong>Le motif de votre licenciement<\/strong><\/p>\n\n\n\n<p>Rare sont ceux qui n\u2019ont pas connu la perte d\u2019un emploi donc il n\u2019y a aucune raison d\u2019avoir honte. Attendez que votre interlocuteur aborde le sujet pour pouvoir expliquer les raisons de la fin de votre dernier contrat. Votre r\u00e9ponse doit \u00eatre r\u00e9fl\u00e9chie et constructive. Inutile de s\u2019\u00e9tendre.<\/p>\n\n\n\n<p><strong>Les avantages du poste<\/strong><\/p>\n\n\n\n<p>N\u2019abordez pas ce sujet au cours du premier contact. Si le montant du salaire ne doit pas \u00eatre une question taboue, il faut attendre qu\u2019elle soit abord\u00e9e par l\u2019employeur ou choisir un moment propice pour en parler. Le nombre de jour de cong\u00e9s, les remboursements de frais et autres avantages ne doivent pas faire l\u2019objet d\u2019une discussion d\u2019embl\u00e9e au risque de vous faire passer pour un(e) candidat(e) peu motiv\u00e9(e).<\/p>\n","protected":false},"excerpt":{"rendered":"<p>Tous les sujets ne sont pas bons \u00e0 aborder lors d\u2019un entretien d\u2019embauche. Soyez assur\u00e9 que tout ce que vous direz sera analys\u00e9 de fa\u00e7on consciente ou non par le recruteur. Si mentir est interdit, il vous reste pas mal d\u2019options pour pr\u00e9senter avantageusement votre candidature. Nous vous conseillons de bien s\u00e9lectionner les informations que [&hellip;]<\/p>\n","protected":false},"author":2,"featured_media":570,"comment_status":"closed","ping_status":"closed","sticky":false,"template":"","format":"standard","meta":{"footnotes":""},"categories":[1],"tags":[],"class_list":["post-778","post","type-post","status-publish","format-standard","has-post-thumbnail","hentry","category-non-classe"],"_links":{"self":[{"href":"https:\/\/latetedelemploi.be\/index.php\/wp-json\/wp\/v2\/posts\/778","targetHints":{"allow":["GET"]}}],"collection":[{"href":"https:\/\/latetedelemploi.be\/index.php\/wp-json\/wp\/v2\/posts"}],"about":[{"href":"https:\/\/latetedelemploi.be\/index.php\/wp-json\/wp\/v2\/types\/post"}],"author":[{"embeddable":true,"href":"https:\/\/latetedelemploi.be\/index.php\/wp-json\/wp\/v2\/users\/2"}],"replies":[{"embeddable":true,"href":"https:\/\/latetedelemploi.be\/index.php\/wp-json\/wp\/v2\/comments?post=778"}],"version-history":[{"count":3,"href":"https:\/\/latetedelemploi.be\/index.php\/wp-json\/wp\/v2\/posts\/778\/revisions"}],"predecessor-version":[{"id":1940,"href":"https:\/\/latetedelemploi.be\/index.php\/wp-json\/wp\/v2\/posts\/778\/revisions\/1940"}],"wp:featuredmedia":[{"embeddable":true,"href":"https:\/\/latetedelemploi.be\/index.php\/wp-json\/wp\/v2\/media\/570"}],"wp:attachment":[{"href":"https:\/\/latetedelemploi.be\/index.php\/wp-json\/wp\/v2\/media?parent=778"}],"wp:term":[{"taxonomy":"category","embeddable":true,"href":"https:\/\/latetedelemploi.be\/index.php\/wp-json\/wp\/v2\/categories?post=778"},{"taxonomy":"post_tag","embeddable":true,"href":"https:\/\/latetedelemploi.be\/index.php\/wp-json\/wp\/v2\/tags?post=778"}],"curies":[{"name":"wp","href":"https:\/\/api.w.org\/{rel}","templated":true}]}}