{"id":718,"date":"2023-01-18T17:03:38","date_gmt":"2023-01-18T16:03:38","guid":{"rendered":"http:\/\/mlcpree.cluster029.hosting.ovh.net\/?p=718"},"modified":"2023-01-18T17:03:38","modified_gmt":"2023-01-18T16:03:38","slug":"trouvez-un-soutien-dans-votre-recherche","status":"publish","type":"post","link":"https:\/\/latetedelemploi.be\/index.php\/2023\/01\/18\/trouvez-un-soutien-dans-votre-recherche\/","title":{"rendered":"Trouvez un soutien dans votre recherche !"},"content":{"rendered":"\n<p>Envie d\u2019\u00eatre accompagn\u00e9 dans votre recherche d\u2019emploi&nbsp;? Besoin d\u2019un conseil, d\u2019un suivi, d\u2019une orientation&nbsp;? Petit tour d\u2019horizon des possibilit\u00e9s dans la r\u00e9gion.<\/p>\n\n\n\n<p>De nombreux organismes proposent d\u2019aider les demandeurs d\u2019emploi dans leurs recherches. Ils proposent:<\/p>\n\n\n\n<ul class=\"wp-block-list\">\n<li>un accompagnant ponctuel (aide \u00e0 la r\u00e9daction d\u2019un cv, d\u2019une lettre de candidature, information sur les offres de formation ou les aides \u00e0 l\u2019emploi \u2026)<\/li>\n\n\n\n<li>un job coaching&nbsp;: suivi personnalis\u00e9 sous forme d\u2019entretiens individuels ou de s\u00e9ances de travail en groupe (d\u00e9finition du projet professionnel et recherche active d\u2019emploi)<\/li>\n\n\n\n<li>un module&nbsp; d\u2019orientation avec bilan et suivi &nbsp;accompagn\u00e9 parfois d\u2019un stage en entreprise,&nbsp; et\/ou d\u2019une remise \u00e0 niveau et\/ou d\u2019un essai m\u00e9tier et\/ou d\u2019une formation qualifiante.<\/li>\n<\/ul>\n\n\n\n<p>L\u2019offre est vaste et s\u2019adresse suivant l\u2019organisme \u00e0 tel ou tel public. Voici un petit tour d\u2019horizon (non-exhaustif) des possibilit\u00e9s.<\/p>\n\n\n\n<h3 class=\"wp-block-heading\">Contactez votre conseiller r\u00e9f\u00e9rent<\/h3>\n\n\n\n<p>Au moment de votre inscription comme demandeur d\u2019emploi. Le Forem vous attribue&nbsp;<strong>un conseiller r\u00e9f\u00e9rent<\/strong>. Vous pouvez le contacter pour prendre un rendez-vous afin de recevoir une aide et des conseils dans vos recherches. Il peut par exemple vous aider \u00e0 d\u00e9terminer si vous remplissez les conditions de telle ou telle aide \u00e0 l\u2019emploi. N\u2019h\u00e9sitez pas \u00e0 le solliciter lorsque vous avez besoin d\u2019aide. C\u2019est ce conseiller qui&nbsp; vous invitera afin de faire le point sur vos recherches. Si vous n\u2019avez pas de conseiller r\u00e9f\u00e9rent, vous pouvez demander au Forem de vous en attribuer un.&nbsp;<a href=\"https:\/\/www.leforem.be\/contact\/conseillers-demarches-administratives.html\" target=\"_blank\" rel=\"noreferrer noopener\">Pour entrer en contact avec un conseiller de votre r\u00e9gion<\/a>.<\/p>\n\n\n\n<h3 class=\"wp-block-heading\">Les Maison de l\u2019emploi<\/h3>\n\n\n\n<p>En plus de mettre \u00e0 disposition gratuitement des outils pour votre recherche (internet, t\u00e9l\u00e9phones, offres d\u2019emploi,\u2026), le personnel de chaque maison de l\u2019emploi est \u00e0 votre disposition pour vous soutenir dans vos d\u00e9marches.<\/p>\n\n\n\n<p>Si vous faites partie des ch\u00f4meurs vis\u00e9s par un plan d\u2019accompagnement (par exemple un jeune en stage d\u2019attente), vous recevrez automatiquement une invitation du FOREM pour un accompagnement personnalis\u00e9.<\/p>\n\n\n\n<h3 class=\"wp-block-heading\">Les carrefours emploi-formation<\/h3>\n\n\n\n<p>Ils&nbsp;s\u2019adressent quant \u00e0 eux \u00e0 ceux qui souhaitent faire le point sur leur projet professionnel, connaitre les m\u00e9tiers qui offrent des opportunit\u00e9s d\u2019emploi, trouver la formation qui leur convient mais \u00e9galement \u00e0 ceux qui envisagent de cr\u00e9er leur propre entreprise.<\/p>\n\n\n\n<p>Le service est accessible sans rendez-vous et est gratuit. On peut y consulter des offres d\u2019emploi et de formation mais aussi rencontrer des sp\u00e9cialistes pour \u00eatre personnellement conseill\u00e9.<\/p>\n\n\n\n<p>On y trouve \u00e9galement les outils technologiques&nbsp;: pc, internet, t\u00e9l\u00e9phone, fax, \u2026 vous pouvez donc comme dans une maison de l\u2019emploi, profiter de l\u2019infrastructure pour r\u00e9diger votre cv, envoyer des candidatures, \u2026<\/p>\n\n\n\n<h3 class=\"wp-block-heading\">Participer \u00e0 des essais m\u00e9tiers<\/h3>\n\n\n\n<p>Cela peut aussi \u00eatre un bon point de d\u00e9part pour d\u00e9finir son projet professionnel et entamer ensuite une formation qualifiante&nbsp; en \u00e9tant assur\u00e9 de faire le bon choix. Le Forem donne la possibilit\u00e9 de tester trois m\u00e9tiers en trois semaines. Avec plus de 150 m\u00e9tiers regroup\u00e9s dans 11 domaines diff\u00e9rents, le choix est important&nbsp;! Pour s\u2019inscrire \u00e0 un essai m\u00e9tier,&nbsp; adressez-vous \u00e0 un<a href=\"https:\/\/www.leforem.be\/contact\/services-clientele.html\" target=\"_blank\" rel=\"noreferrer noopener\">&nbsp;service client\u00e8le&nbsp;du Forem&nbsp;<\/a>de votre r\u00e9gion.<\/p>\n\n\n\n<h3 class=\"wp-block-heading\">R\u00e9aliser un screening<\/h3>\n\n\n\n<p>Ce service peut vous \u00eatre utile si vous souhaitez identifier vos comp\u00e9tences dans un domaine d\u2019activit\u00e9 bien pr\u00e9cis. Cela peut vous permettre de faire le point et de savoir si vous devez encore vous former dans votre secteur. Il permet aussi de vous pr\u00e9parer \u00e0 une validation des comp\u00e9tences.<\/p>\n\n\n\n<p>Concr\u00e8tement, apr\u00e8s une information g\u00e9n\u00e9rale, et apr\u00e8s avoir compl\u00e9t\u00e9 un dossier reprenant votre parcours, vous r\u00e9pondez \u00e0 un questionnaire technique. Vous participez ensuite \u00e0 un entretien individuel. Les r\u00e9sultats vous sont ensuite communiqu\u00e9s et diff\u00e9rentes pistes d\u2019actions vous sont propos\u00e9es afin d\u2019optimaliser vos chances d\u2019insertion. Pour<a href=\"https:\/\/www.leforem.be\/particuliers\/identifier-mes-competences-screening.html\" target=\"_blank\" rel=\"noreferrer noopener\">&nbsp;r\u00e9aliser un screening<\/a>, adressez vous au service client\u00e8le du Forem&nbsp;de votre r\u00e9gion.<\/p>\n\n\n\n<h3 class=\"wp-block-heading\">Faire valider vos comp\u00e9tences dans un centre<\/h3>\n\n\n\n<p>Si vous avez appris un m\u00e9tier sur le tas par le biais d\u2019un stage, d\u2019une exp\u00e9rience, lors d\u2019une activit\u00e9 b\u00e9n\u00e9vole, pendant vos loisirs mais vous n\u2019avez pas le titre scolaire, il peut \u00eatre int\u00e9ressant de faire reconnaitre vos comp\u00e9tences de mani\u00e8re officielle. Gr\u00e2ce \u00e0 ce titre d\u00e9livr\u00e9 par un centre de validation apr\u00e8s un test, vous pouvez certifier sur base d\u2019un document officiel aupr\u00e8s d\u2019un employeur de vos comp\u00e9tences et trouver ainsi du travail plus facilement. Vous pouvez aussi all\u00e9ger votre parcours de formation en obtenant des dispenses. Les titres de comp\u00e9tences sont disponibles pour de nombreux m\u00e9tiers.<a href=\"http:\/\/www.cvdc.be\/\" target=\"_blank\" rel=\"noreferrer noopener\">&nbsp;Adresses des centres de validation de comp\u00e9tences.<\/a><\/p>\n\n\n\n<h3 class=\"wp-block-heading\">Les MIRE (Mission R\u00e9gionale pour l\u2019emploi de Li\u00e8ge, Verviers, Huy-Waremme)<\/h3>\n\n\n\n<p>Cette ASBL offre aux demandeurs d\u2019emploi un accompagnement dans leurs recherches \u00e0 travers de la mise en place d\u2019offres de formation ou d\u2019un coaching. Les condition d\u2019acc\u00e8s au coaching sont&nbsp;: \u00eatre inscrit(e) comme demandeur(se) d\u2019emploi ; Et poss\u00e9der au &nbsp;maximum le Certificat d\u2019Enseignement Secondaire Inf\u00e9rieur (CESI) ou le Certificat d\u2019Enseignement Secondaire Sup\u00e9rieur (CESS) (dans ce dernier cas, avoir obligatoirement au minimum 2 ans de ch\u00f4mage dans les 36 mois qui pr\u00e9c\u00e8dent le d\u00e9but de votre accompagnement). La proc\u00e9dure obligatoire pour s\u2019inscrire est de participer \u00e0 une s\u00e9ance d\u2019informations. Elle se donne tous les mercredis \u00e0 10h00 pr\u00e9cises \u2013 boulevard Piercot, 42 \u00e0 4000 Li\u00e8ge. (Vous n\u2019avez pas besoin de rendez-vous pour vous rendre \u00e0 une s\u00e9ance d\u2019info). Vous trouverez toutes les informations sur les nombreux services des MIREL sur le site&nbsp;<a href=\"http:\/\/www.mirelasbl.be\/\" target=\"_blank\" rel=\"noreferrer noopener\">http:\/\/www.mirelasbl.be\/<\/a>.<\/p>\n\n\n\n<h3 class=\"wp-block-heading\">Les Universit\u00e9s<\/h3>\n\n\n\n<p>Elles fournissent gratuitement aux anciens et futurs dipl\u00f4m\u00e9s un service de qualit\u00e9 professionnelle d\u2019aide \u00e0 la recherche active d\u2019emploi.<\/p>\n\n\n\n<p>Le service emploi de l\u2019ULg relaye gratuitement les offres de recruteurs, organise des journ\u00e9es emploi et propose des coachings pour la r\u00e9daction de cv, lettre de motivation, pr\u00e9paration \u00e0 l\u2019entretien d\u2019embauche\u2026<\/p>\n\n\n\n<p>Pour L\u2019ULg:&nbsp;<a href=\"https:\/\/www.uliege.be\/\" target=\"_blank\" rel=\"noreferrer noopener\">https:\/\/www.uliege.be<\/a><\/p>\n\n\n\n<p>T\u00e9l.&nbsp;: 04\/366.96.73 ou 04\/366.56.89<\/p>\n\n\n\n<h3 class=\"wp-block-heading\">Les&nbsp;CISP<\/h3>\n\n\n\n<p>Dans la r\u00e9gion li\u00e9geoise, de nombreuses<strong>&nbsp;CISP (Organisme d\u2019insertion Socio-Professionnelle)&nbsp;<\/strong>proposent de l\u2019aide aux chercheurs d\u2019emploi peu qualifi\u00e9s en organisant des formations (avec stage en entreprise), remises \u00e0 niveau, des essais m\u00e9tiers dans de multiples domaines. Elles sont nombreuses \u00e0 proposer des modules d\u2019orientation pour aider les demandeurs d\u2019emploi \u00e0 d\u00e9finir leur projet mais aussi \u00e0 les soutenir dans leurs recherches au travers d\u2019un coaching. Elles s\u2019adressent pour la plupart aux personnes ne poss\u00e9dant pas le certificat d\u2019Enseignement secondaire sup\u00e9rieur mais pas uniquement. Il faut donc v\u00e9rifier au cas par cas quelles sont les conditions d\u2019acc\u00e8s aux services propos\u00e9s.<\/p>\n\n\n\n<p><a href=\"https:\/\/latetedelemploi.be\/fr\/blog\/secteurs\/aide-a-la-recherche-demploi\/\" target=\"_blank\" rel=\"noreferrer noopener\">Liste des CISP<\/a>&nbsp;qui offrent un service&nbsp;d\u2019accompagnement\/conseils\/orientation des chercheurs d\u2019emploi<\/p>\n\n\n\n<h3 class=\"wp-block-heading\">Le point emploi de la Province<\/h3>\n\n\n\n<p>La province en collaboration avec le Forem a cr\u00e9\u00e9&nbsp;<strong>le point emploi<\/strong>. Ce service propose des outils et ressources pour une recherche active d\u2019emploi.<\/p>\n\n\n\n<p>Des conseiller(e)s r\u00e9alisent des entretiens personnalis\u00e9s et r\u00e9pondent&nbsp; aux demandeurs d\u2019emploi en fonction de leurs besoins&nbsp;: recherche d\u2019un secteur d\u2019activit\u00e9, r\u00e9orientation, formation,\u2026,information sur les offres disponibles dans la r\u00e9gion, mise \u00e0 jour et\/ou composition du cv, aide \u00e0 la r\u00e9daction de lettre de motivation, micro formations (word, Internet Explorer, courriel, \u2026), mise \u00e0 disposition d\u2019outils informatiques, acc\u00e8s internet, imprimantes, \u2026<\/p>\n\n\n\n<p>Le service est situ\u00e9, dans le b\u00e2timent de la Biblioth\u00e8que des Chiroux, rue des Croisiers 15 \u00e0 4000 Li\u00e8ge. T\u00e9l.&nbsp;: 04\/232.87.97 accessible le mardi et mercredi de 9h30 \u00e0 12h30 et le jeudi de 13h \u00e0 18h.<\/p>\n\n\n\n<h3 class=\"wp-block-heading\"><strong>SPOT<\/strong><\/h3>\n\n\n\n<p>Association des CPAS Beyne-Heusay \u2013 Chaudfontaine \u2013 Fl\u00e9ron<br>Rue Joseph Deflandre 6B 4053 Embourg<br>Tel : 04\/274.09.91 Fax : 04\/274.09.99<\/p>\n\n\n\n<p><a href=\"http:\/\/www.spot-inser.be\/\" target=\"_blank\" rel=\"noreferrer noopener\">http:\/\/www.spot-inser.be\/<\/a><\/p>\n","protected":false},"excerpt":{"rendered":"<p>Envie d\u2019\u00eatre accompagn\u00e9 dans votre recherche d\u2019emploi&nbsp;? Besoin d\u2019un conseil, d\u2019un suivi, d\u2019une orientation&nbsp;? Petit tour d\u2019horizon des possibilit\u00e9s dans la r\u00e9gion. De nombreux organismes proposent d\u2019aider les demandeurs d\u2019emploi dans leurs recherches. Ils proposent: L\u2019offre est vaste et s\u2019adresse suivant l\u2019organisme \u00e0 tel ou tel public. Voici un petit tour d\u2019horizon (non-exhaustif) des possibilit\u00e9s. [&hellip;]<\/p>\n","protected":false},"author":2,"featured_media":594,"comment_status":"closed","ping_status":"closed","sticky":false,"template":"","format":"standard","meta":{"footnotes":""},"categories":[1],"tags":[],"class_list":["post-718","post","type-post","status-publish","format-standard","has-post-thumbnail","hentry","category-non-classe"],"_links":{"self":[{"href":"https:\/\/latetedelemploi.be\/index.php\/wp-json\/wp\/v2\/posts\/718","targetHints":{"allow":["GET"]}}],"collection":[{"href":"https:\/\/latetedelemploi.be\/index.php\/wp-json\/wp\/v2\/posts"}],"about":[{"href":"https:\/\/latetedelemploi.be\/index.php\/wp-json\/wp\/v2\/types\/post"}],"author":[{"embeddable":true,"href":"https:\/\/latetedelemploi.be\/index.php\/wp-json\/wp\/v2\/users\/2"}],"replies":[{"embeddable":true,"href":"https:\/\/latetedelemploi.be\/index.php\/wp-json\/wp\/v2\/comments?post=718"}],"version-history":[{"count":1,"href":"https:\/\/latetedelemploi.be\/index.php\/wp-json\/wp\/v2\/posts\/718\/revisions"}],"predecessor-version":[{"id":719,"href":"https:\/\/latetedelemploi.be\/index.php\/wp-json\/wp\/v2\/posts\/718\/revisions\/719"}],"wp:featuredmedia":[{"embeddable":true,"href":"https:\/\/latetedelemploi.be\/index.php\/wp-json\/wp\/v2\/media\/594"}],"wp:attachment":[{"href":"https:\/\/latetedelemploi.be\/index.php\/wp-json\/wp\/v2\/media?parent=718"}],"wp:term":[{"taxonomy":"category","embeddable":true,"href":"https:\/\/latetedelemploi.be\/index.php\/wp-json\/wp\/v2\/categories?post=718"},{"taxonomy":"post_tag","embeddable":true,"href":"https:\/\/latetedelemploi.be\/index.php\/wp-json\/wp\/v2\/tags?post=718"}],"curies":[{"name":"wp","href":"https:\/\/api.w.org\/{rel}","templated":true}]}}