{"id":689,"date":"2023-01-18T16:48:34","date_gmt":"2023-01-18T15:48:34","guid":{"rendered":"http:\/\/mlcpree.cluster029.hosting.ovh.net\/?p=689"},"modified":"2023-01-18T16:48:34","modified_gmt":"2023-01-18T15:48:34","slug":"facebook-ami-ou-ennemi","status":"publish","type":"post","link":"https:\/\/latetedelemploi.be\/index.php\/2023\/01\/18\/facebook-ami-ou-ennemi\/","title":{"rendered":"Facebook: ami ou ennemi ?"},"content":{"rendered":"\n<p>Avec plus de 7 millions d\u2019adh\u00e9rents en Belgique, Facebook est devenu un outil social et de contact incontournable pour beaucoup de personnes.<\/p>\n\n\n\n<p>Avec une telle notori\u00e9t\u00e9 et le nombre d\u2019informations que l\u2019on peut publier, Facebook constitue, en quelque sorte, une carte d\u2019identit\u00e9 virtuelle&nbsp;pour chacun de ses membres.<\/p>\n\n\n\n<p>Et dans le m\u00eame ordre d\u2019id\u00e9e, pensez que FACEBOOK est aussi votre CURRICULUM VITAE num\u00e9rique\u2026<\/p>\n\n\n\n<p>En effet, votre page Facebook peut r\u00e9v\u00e9ler beaucoup sur vous&nbsp;: ce que vous aimez, vos anciens jobs, vos amis, ce que vous faites et o\u00f9 vous \u00eates,\u2026<\/p>\n\n\n\n<p>En tant que chercheurs d\u2019emploi, nous verrons que Facebook peut \u00eatre un outil dynamique et dynamisant pour votre recherche d\u2019emploi. Mais il peut aussi induire des d\u00e9rives et des pi\u00e8ges sont \u00e0 \u00e9viter.<\/p>\n\n\n\n<p>Il est notoire que de plus en plus d\u2019employeurs, int\u00e9ress\u00e9s par l\u2019un ou l\u2019autre candidat, auront tendance \u00e0 consulter son compte Facebook.<\/p>\n\n\n\n<p>Voici quelques conseils pour faire de vous des chercheurs d\u2019emploi avertis de l\u2019importance d\u2019un bonne E-r\u00e9putation&nbsp;!<\/p>\n\n\n\n<p><strong>L\u2019ami Facebook<\/strong><\/p>\n\n\n\n<p>Facebook est l\u2019un des r\u00e9seaux sociaux les plus en vogue du moment. Certains y passent des heures. Il permet d\u2019\u00e9changer sur ses go\u00fbts, ses int\u00e9r\u00eats, sur soi avec ses amis. Et si Facebook devenait \u00e9galement un outil pour la recherche d\u2019emploi&nbsp;?<\/p>\n\n\n\n<p>D\u2019une part, nous verrons que Facebook peut regorger d\u2019outils pour vous aider dans votre recherche d\u2019un emploi. D\u2019autre part, nous donnerons quelques conseils pour faire de votre profil Facebook une vitrine attrayante pour un employeur.<\/p>\n\n\n\n<p><strong>Les pages Facebook et l\u2019emploi<\/strong><\/p>\n\n\n\n<p>Puisque Facebook attire un nombre toujours plus \u00e9lev\u00e9 de personnes, des institutions \u0153uvrant dans le domaine de l\u2019emploi ont eu l\u2019id\u00e9e d\u2019aller \u00e0 la rencontre des chercheurs d\u2019emploi via ce r\u00e9seau social afin de les aider dans leurs recherches.<\/p>\n\n\n\n<p>Ainsi, le FOREM (<a href=\"https:\/\/fr-fr.facebook.com\/LeForem\" target=\"_blank\" rel=\"noreferrer noopener\">https:\/\/fr-fr.facebook.com\/LeForem<\/a>) a cr\u00e9\u00e9 une page Facebook o\u00f9 l\u2019on peut retrouver des informations sur les formations organis\u00e9es, des offres d\u2019emploi et toute une s\u00e9rie d\u2019outils utiles dans vos d\u00e9marches.<\/p>\n\n\n\n<p>D\u2019autres organismes lui ont emboit\u00e9 le pas. Voici une s\u00e9rie de pages Facebook relatives \u00e0 l\u2019emploi&nbsp;:<\/p>\n\n\n\n<p>\u2013&nbsp;&nbsp;&nbsp;&nbsp;&nbsp;&nbsp;&nbsp; La t\u00eate de l\u2019emploi&nbsp;: astuces, conseils, outils<\/p>\n\n\n\n<p><a href=\"http:\/\/www.facebook.com\/pages\/La-t%C3%AAte-de-lemploi\/264798273617918?ref=ts&amp;fref=ts\" target=\"_blank\" rel=\"noreferrer noopener\">http:\/\/www.facebook.com\/pages\/La-t%C3%AAte-de-lemploi\/264798273617918?ref=ts&amp;fref=ts<\/a><\/p>\n\n\n\n<p>\u2013&nbsp;&nbsp;&nbsp;&nbsp;&nbsp;&nbsp;&nbsp; Le site Jobat.be&nbsp;<a href=\"https:\/\/fr-fr.facebook.com\/jobat.be\" target=\"_blank\" rel=\"noreferrer noopener\">https:\/\/fr-fr.facebook.com\/jobat.be<\/a><\/p>\n\n\n\n<p>\u2013&nbsp;&nbsp;&nbsp;&nbsp;&nbsp;&nbsp;&nbsp; Le service public f\u00e9d\u00e9ral Emploi&nbsp;<a href=\"https:\/\/www.facebook.com\/SPFEmploi\" target=\"_blank\" rel=\"noreferrer noopener\">https:\/\/www.facebook.com\/SPFEmploi<\/a><\/p>\n\n\n\n<p>\u2013&nbsp;&nbsp;&nbsp;&nbsp;&nbsp;&nbsp;&nbsp; Tempo Team&nbsp;<a href=\"https:\/\/www.facebook.com\/tempoteambe\" target=\"_blank\" rel=\"noreferrer noopener\">https:\/\/www.facebook.com\/tempoteambe<\/a><\/p>\n\n\n\n<p>\u2013&nbsp;&nbsp;&nbsp;&nbsp;&nbsp;&nbsp;&nbsp; Adecco&nbsp;<a href=\"https:\/\/fr-fr.facebook.com\/Adecco.Belgique\" target=\"_blank\" rel=\"noreferrer noopener\">https:\/\/fr-fr.facebook.com\/Adecco.Belgique<\/a><\/p>\n\n\n\n<p>\u2013&nbsp;&nbsp;&nbsp;&nbsp;&nbsp;&nbsp;&nbsp; Daoust Int\u00e9rim&nbsp;<a href=\"http:\/\/www.facebook.com\/DaoustHR\" target=\"_blank\" rel=\"noreferrer noopener\">http:\/\/www.facebook.com\/DaoustHR<\/a><\/p>\n\n\n\n<p><strong>Facebook comme support du marketing de soi<\/strong><\/p>\n\n\n\n<p>On le sait tous, et on ne le r\u00e9p\u00e8tera jamais assez, tout ce que l\u2019on publie et \u00e9crit sur les r\u00e9seaux sociaux constitue notre image num\u00e9rique et pourra \u00eatre \u00ab&nbsp;retenu&nbsp;\u00bb contre nous&nbsp;!<\/p>\n\n\n\n<p>De nombreux employeurs consultent les profils Facebook des futurs collaborateurs potentiels.<\/p>\n\n\n\n<p>Ainsi, pourquoi ne pas mettre toutes les chances de votre c\u00f4t\u00e9 et cr\u00e9er une \u00ab&nbsp;vitrine&nbsp;\u00bb de vos comp\u00e9tences, un curriculum vitae, soit, ma\u00eetriser votre image sur Facebook. L\u2019employeur croira p\u00e9n\u00e9trer votre espace priv\u00e9\u2026un espace judicieusement pens\u00e9 et organis\u00e9 pour l\u2019attirer&nbsp;!<\/p>\n\n\n\n<p>L\u2019objectif est d\u2019\u00eatre visible et de g\u00e9rer votre r\u00e9putation en ligne. Pensez d\u2019ailleurs que dans certains secteurs (communication, marketing\u2026), ne pas avoir de profil Facebook pourrait m\u00eame \u00eatre un frein. B\u00e2tir votre identit\u00e9 num\u00e9rique demande du temps mais constitue une mani\u00e8re efficace de trouver un emploi.<\/p>\n\n\n\n<p>Voici&nbsp;<strong>quelques conseils<\/strong>&nbsp;\u00e0 suivre pour assurer ce \u00ab&nbsp;marketing de soi&nbsp;\u00bb&nbsp;:<\/p>\n\n\n\n<p>* Pour d\u00e9velopper une image coh\u00e9rente, il faut tout d\u2019abord avoir d\u00e9fini un projet professionnel. Les formations et exp\u00e9riences que vous renseignez doivent \u00eatre en lien avec ce projet. Evitez donc de mentionner vos anciens jobs d\u2019\u00e9tudiant depuis l\u2019\u00e2ge de 15 ans&nbsp;!<\/p>\n\n\n\n<p>* Mentionner le plus possible d\u2019informations sur vos anciens jobs et sur vos \u00e9tudes. Ces \u00e9l\u00e9ments serviront de rappel \u00e0 votre curriculum vitae.<\/p>\n\n\n\n<p>Parlez aussi de vos sujets de m\u00e9moire, des missions effectu\u00e9es lors de stage,\u2026<\/p>\n\n\n\n<p>* Optez pour une photo de profil s\u00e9rieuse. En tapant votre nom sur Google, n\u2019importe qui est, en effet, susceptible de voir cette photo.<\/p>\n\n\n\n<p>* Effacez les contenus n\u00e9gatifs et\/ou bloquez les informations que vous jugez confidentielles. Ainsi, scindez bien ce qui rel\u00e8ve du niveau professionnel (accessible au public) et ce qui rel\u00e8ve de la vie priv\u00e9e (option de blocage, accessible uniquement \u00e0 vos amis).<\/p>\n\n\n\n<p>Nous y reviendrons plus tard.<\/p>\n\n\n\n<p>* Montrez votre int\u00e9r\u00eat pour certains sujets. Abonnez-vous ainsi \u00e0 des groupes sur un sujet li\u00e9 \u00e0 votre m\u00e9tier. L\u2019id\u00e9e est de montrer votre investissement dans votre domaine d\u2019activit\u00e9. Le recruteur y verra ainsi la preuve que vous \u00eates motiv\u00e9 par le secteur dans lequel vous souhaitez travailler.<\/p>\n\n\n\n<p>* Parlez aussi de vos valeurs. Plus qu\u2019un curriculum vitae, un profil Facebook peut en r\u00e9v\u00e9ler beaucoup sur vous. Ainsi, faites passer vos valeurs, ce \u00e0 quoi vous tenez vraiment dans la vie, ce en quoi vous croyez \u2013 en \u00ab&nbsp;likant&nbsp;\u00bb des groupes d\u2019int\u00e9r\u00eat par exemple. Attention, rappelez-vous que les avis\/opinions trop tranch\u00e9s peuvent aussi refroidir un employeur.<\/p>\n\n\n\n<p>Bref, vous l\u2019aurez compris, comme dans un CV classique, la cl\u00e9 du succ\u00e8s est de&nbsp;<strong>vous d\u00e9marquer par rapport aux autres candidats<\/strong>.<\/p>\n\n\n\n<p><strong>L\u2019ennemi Facebook<\/strong><\/p>\n\n\n\n<p>Nous l\u2019avons vu, Facebook peut permettre d\u2019accro\u00eetre sa visibilit\u00e9 et ainsi d\u2019en faire plus d\u00e9couvrir sur soi. Ceci est vrai si et seulement si la ma\u00eetrise de notre image en ligne est bien r\u00e9fl\u00e9chie. D\u2019apr\u00e8s une \u00e9tude, 90% des employeurs disent utiliser les sites de r\u00e9seautage pour faire des recherches sur leurs candidats. Et 69 % ont rejet\u00e9 un candidat \u00e0 cause de ce qu\u2019ils y ont trouv\u00e9&nbsp;!<\/p>\n\n\n\n<p><strong>Param\u00e9trez votre compte Facebook<\/strong><\/p>\n\n\n\n<p>Vous pouvez choisir de rendre certaines informations uniquement accessibles \u00e0 vos amis proches. Pour ce faire, vous pouvez aller dans l\u2019onglet Confidentialit\u00e9.<\/p>\n\n\n\n<p>Faites un examen approfondi de toutes les options possibles pour prot\u00e9ger votre vie priv\u00e9e. Pensez ainsi aux photos, commentaires, groupes d\u2019int\u00e9r\u00eat, les identifications que vos amis font de vous,\u2026<\/p>\n\n\n\n<p>Quand vous \u00eates dans les param\u00e8tres de confidentialit\u00e9, cliquez sur \u00ab&nbsp;utilisez l\u2019historique personnel&nbsp;\u00bb. Vous pourrez alors g\u00e9rer toutes les informations qui se retrouvent sur votre mur comme les \u00ab&nbsp;j\u2019aime&nbsp;\u00bb, les photos, commentaires, inscription \u00e0 des groupes,\u2026<\/p>\n\n\n\n<p>Pour v\u00e9rifier ce que d\u2019autres peuvent voir, utilisez l\u2019application \u00ab&nbsp;aper\u00e7u du profil en tant que\u2026\u00bb, que vous trouverez sur la page de votre profil.<\/p>\n\n\n\n<p>Pensez aussi que Facebook change parfois les param\u00e8tres de confidentialit\u00e9. Il faut donc r\u00e9p\u00e9ter l\u2019op\u00e9ration lorsque cela se produit.<\/p>\n\n\n\n<p><strong>Pr\u00e9servez votre E-r\u00e9putation<\/strong><\/p>\n\n\n\n<p>Il est possible \u00e9videmment de bloquer les informations au public. Mais n\u2019oubliez jamais que le Net est et restera toujours un espace public.<\/p>\n\n\n\n<p>Ainsi, \u00e9vitez autant que possible les commentaires injurieux, les photos d\u00e9prav\u00e9es et les propos \u00e0 l\u2019\u00e9thique plus que douteuse.<\/p>\n\n\n\n<p>Aussi, restez vigilant aux informations que vous divulguez sur votre vie priv\u00e9e&nbsp;: enfants, famille, histoires de c\u0153ur, vacances, emploi du temps, \u00e9tat d\u2019esprit, avis tranch\u00e9s\u2026 Tout le monde a d\u00e9j\u00e0 entendu parler au moins une fois \u00ab&nbsp;du type qui s\u2019est fait vir\u00e9 car pr\u00e9tendu malade, il poste des photos de ses vacances r\u00e9centes&nbsp;!&nbsp;\u00bb. En effet, Facebook peut non seulement vous griller aupr\u00e8s d\u2019un employeur potentiel mais il peut \u00e9galement vous faire perdre votre emploi&nbsp;!<\/p>\n\n\n\n<p>Un conseil pour ma\u00eetriser votre e-r\u00e9putation est de \u00ab&nbsp;Googler&nbsp;\u00bb votre nom sur Internet. Vous aurez de ce fait un aper\u00e7u de ce que l\u2019on peut trouver sur vous via Facebook ou d\u2019autres sites.<\/p>\n","protected":false},"excerpt":{"rendered":"<p>Avec plus de 7 millions d\u2019adh\u00e9rents en Belgique, Facebook est devenu un outil social et de contact incontournable pour beaucoup de personnes. Avec une telle notori\u00e9t\u00e9 et le nombre d\u2019informations que l\u2019on peut publier, Facebook constitue, en quelque sorte, une carte d\u2019identit\u00e9 virtuelle&nbsp;pour chacun de ses membres. Et dans le m\u00eame ordre d\u2019id\u00e9e, pensez que [&hellip;]<\/p>\n","protected":false},"author":2,"featured_media":632,"comment_status":"closed","ping_status":"closed","sticky":false,"template":"","format":"standard","meta":{"footnotes":""},"categories":[1],"tags":[],"class_list":["post-689","post","type-post","status-publish","format-standard","has-post-thumbnail","hentry","category-non-classe"],"_links":{"self":[{"href":"https:\/\/latetedelemploi.be\/index.php\/wp-json\/wp\/v2\/posts\/689","targetHints":{"allow":["GET"]}}],"collection":[{"href":"https:\/\/latetedelemploi.be\/index.php\/wp-json\/wp\/v2\/posts"}],"about":[{"href":"https:\/\/latetedelemploi.be\/index.php\/wp-json\/wp\/v2\/types\/post"}],"author":[{"embeddable":true,"href":"https:\/\/latetedelemploi.be\/index.php\/wp-json\/wp\/v2\/users\/2"}],"replies":[{"embeddable":true,"href":"https:\/\/latetedelemploi.be\/index.php\/wp-json\/wp\/v2\/comments?post=689"}],"version-history":[{"count":1,"href":"https:\/\/latetedelemploi.be\/index.php\/wp-json\/wp\/v2\/posts\/689\/revisions"}],"predecessor-version":[{"id":691,"href":"https:\/\/latetedelemploi.be\/index.php\/wp-json\/wp\/v2\/posts\/689\/revisions\/691"}],"wp:featuredmedia":[{"embeddable":true,"href":"https:\/\/latetedelemploi.be\/index.php\/wp-json\/wp\/v2\/media\/632"}],"wp:attachment":[{"href":"https:\/\/latetedelemploi.be\/index.php\/wp-json\/wp\/v2\/media?parent=689"}],"wp:term":[{"taxonomy":"category","embeddable":true,"href":"https:\/\/latetedelemploi.be\/index.php\/wp-json\/wp\/v2\/categories?post=689"},{"taxonomy":"post_tag","embeddable":true,"href":"https:\/\/latetedelemploi.be\/index.php\/wp-json\/wp\/v2\/tags?post=689"}],"curies":[{"name":"wp","href":"https:\/\/api.w.org\/{rel}","templated":true}]}}